{"id":1237,"date":"2021-08-07T06:39:00","date_gmt":"2021-08-07T06:39:00","guid":{"rendered":"https:\/\/domacasemena.com\/?p=1237"},"modified":"2021-05-12T06:41:57","modified_gmt":"2021-05-12T06:41:57","slug":"stoletna-cebula","status":"publish","type":"post","link":"https:\/\/domacasemena.com\/?p=1237","title":{"rendered":"Stoletna \u010debula"},"content":{"rendered":"\n<figure class=\"wp-block-image size-large\"><img data-recalc-dims=\"1\" loading=\"lazy\" decoding=\"async\" width=\"940\" height=\"400\" data-attachment-id=\"1238\" data-permalink=\"https:\/\/domacasemena.com\/?attachment_id=1238\" data-orig-file=\"https:\/\/i0.wp.com\/domacasemena.com\/wp-content\/uploads\/2021\/05\/stoletna-cebula-kolaz.jpg?fit=940%2C400&amp;ssl=1\" data-orig-size=\"940,400\" data-comments-opened=\"1\" data-image-meta=\"{&quot;aperture&quot;:&quot;0&quot;,&quot;credit&quot;:&quot;&quot;,&quot;camera&quot;:&quot;&quot;,&quot;caption&quot;:&quot;&quot;,&quot;created_timestamp&quot;:&quot;0&quot;,&quot;copyright&quot;:&quot;&quot;,&quot;focal_length&quot;:&quot;0&quot;,&quot;iso&quot;:&quot;0&quot;,&quot;shutter_speed&quot;:&quot;0&quot;,&quot;title&quot;:&quot;&quot;,&quot;orientation&quot;:&quot;1&quot;}\" data-image-title=\"stoletna \u010debula\" data-image-description=\"&lt;p&gt;stoletna \u010debula&lt;\/p&gt;\n\" data-image-caption=\"\" data-large-file=\"https:\/\/i0.wp.com\/domacasemena.com\/wp-content\/uploads\/2021\/05\/stoletna-cebula-kolaz.jpg?fit=940%2C400&amp;ssl=1\" src=\"https:\/\/i0.wp.com\/domacasemena.com\/wp-content\/uploads\/2021\/05\/stoletna-cebula-kolaz.jpg?resize=940%2C400&#038;ssl=1\" alt=\"stoletna-\u010debula\" class=\"wp-image-1238\" srcset=\"https:\/\/i0.wp.com\/domacasemena.com\/wp-content\/uploads\/2021\/05\/stoletna-cebula-kolaz.jpg?w=940&amp;ssl=1 940w, https:\/\/i0.wp.com\/domacasemena.com\/wp-content\/uploads\/2021\/05\/stoletna-cebula-kolaz.jpg?resize=300%2C128&amp;ssl=1 300w, https:\/\/i0.wp.com\/domacasemena.com\/wp-content\/uploads\/2021\/05\/stoletna-cebula-kolaz.jpg?resize=768%2C327&amp;ssl=1 768w, https:\/\/i0.wp.com\/domacasemena.com\/wp-content\/uploads\/2021\/05\/stoletna-cebula-kolaz.jpg?resize=600%2C255&amp;ssl=1 600w\" sizes=\"auto, (max-width: 940px) 100vw, 940px\" \/><\/figure>\n\n\n\n<p class=\"has-text-align-justify has-medium-font-size wp-block-paragraph\">Ve\u010dna \u010debula re\u010demo pri nas. Zanjo se uporabljajo \u0161e druga imena, kot so \u0161opasta \u010debula, zimska \u010debula, zimski luk ali stoletni luk. To je sicer bolj zelenjava kot zeli\u0161\u010de, vendar k meni je pri\u0161la v okviru programa zeli\u0161\u010dni vrt. Posejala sem jo, ker ima lep cvet in je trajnica. Prvo leto je iz posejanih semen zraslo le par stebelc. Nekaj sem jih presadila na drugo lokacijo, nekaj sem jih pustila na mestu sejanja. Te druge so vse propadle, verjetno zaradi su\u0161e. Na zalivam namre\u010d. Ve\u010dina rastlin pre\u017eivi, nekaj pa jih vseeno usahne. Od tistih drugih presajenih je ena pre\u017eivele. Naslednje leto &nbsp;bi morala cveteti, vendar je nastal problem.<\/p>\n\n\n\n<p class=\"has-text-align-justify has-medium-font-size wp-block-paragraph\">V bli\u017eino sem posadila korzi\u0161ko \u0161alotko, za seme. To ti je \u0161alotka, bolj debela od vsake \u010debule. Pa pustimo to sedaj, to je \u017ee druga zgodba. V glavnem, to \u017ee vem, da se \u010debule med sabo zelo rade opra\u0161ijo in potem nastane nekaj ne planiranega. Tako, da stoletni \u010debuli nisem smela pustiti cveteti. Tako ali tako, to kar je raslo ni bilo kaj prida. Posejala sem nove, tokrat v cvetli\u010dni lon\u010dek. Tole staro sem pa presadila nazaj na prvotno lokacijo.<\/p>\n\n\n\n<h2 class=\"has-text-align-center has-black-color has-luminous-vivid-amber-background-color has-text-color has-background wp-block-heading\"><strong>Vzgoja<\/strong><\/h2>\n\n\n\n<p class=\"has-text-align-justify has-medium-font-size wp-block-paragraph\">Spomladi sem \u017ee marca posejala seme v lon\u010dke. Lon\u010dke sem postavila na balkon, na son\u010dno in toplo mesto v zavetju. Mlade rastline sem maja presadila na prosto. Pazila sem, da sem jim pustila dovolj prostora in potem sem samo opazovala, kako rastlina rase. Prvo leto je nisem pobirala, z izjemo nekaj listov, ki sem jih posu\u0161ila.<\/p>\n\n\n\n<p class=\"has-text-align-justify has-medium-font-size wp-block-paragraph\">\u010ce \u017eelimo mlade \u010debulice pomladi, potem jo sejemo na prosto avgusta in septembra. Rastline prezimijo in \u010dim zimsko sonce malo pogreje mrzla tla, po\u017eenejo \u0161opi temno zelenih votlih listov.<\/p>\n\n\n\n<p class=\"has-text-align-justify has-medium-font-size wp-block-paragraph\">Poleti je stoletna \u010debula zacvetela in kmalu so se &nbsp;na cvetnem steblu oblikovale majhne \u010debulice. Potem me nekaj \u010das ni bilo, ampak ko sem ponovno pri\u0161la do te \u010debule, so bila stebla upognjene in \u017ee so iz \u010debulic poganjale nove rastline. Te mlade rastline so prezimile in spomladi sem imela spet mlado \u010debulo.<\/p>\n\n\n\n<p class=\"has-text-align-justify has-medium-font-size wp-block-paragraph\">Ta \u010debula v zeli\u0161\u010dnem vrtu ni namenjena&nbsp; hrani, ampak s \u010dasom jo je bilo preve\u010d in sem jo za\u010dela presajati na vrt. Najte\u017eje je bilo priti do prvih rastlin, sedaj pa gre. &nbsp;Edina te\u017eava da je na vrtu ne smem pustiti cveteti . To pa zato, ker &nbsp;tam vsako leto vzgajam semena \u010debule. Enkrat ene sorte, drugo leto druge. Tudi zato je pristala med zeli\u0161\u010di. Ravnokar pa sem se spomnila, da lahko to stoletno \u010debulo posadim \u0161e na novem vrtu, ki ga imam zdaj na tretji lokaciji. Super ideja.<\/p>\n\n\n\n<h2 class=\"has-text-align-center has-black-color has-luminous-vivid-amber-background-color has-text-color has-background wp-block-heading\"><strong>Uporaba<\/strong><\/h2>\n\n\n\n<p class=\"has-text-align-justify has-medium-font-size wp-block-paragraph\">Stoletna \u010debula je \u0161e vedno \u010debula, tudi \u010de ni \u010debula. Ste razumeli?&nbsp; Ni probleme, saj \u0161e jaz nisem. Danes stoletno \u010debulo le redko vidim na vrtovih. Nekdaj je bila tam pogost &nbsp;gost. &nbsp;Je odli\u010dna izbira za ljubitelje mlade \u010debulice. Njena zna\u010dilnost je namre\u010d v tem, da se v zemlji ne odebeli, \u010debulica pa nima suhih zunanjih listov, zato jo lahko ves \u010das uporabljamo kot mlado \u010debulo. Ima tudi veliko so\u010dnih zelenih votlih listov, ki so odli\u010den vir mineralov in vitaminov.<\/p>\n\n\n\n<p class=\"has-text-align-justify has-medium-font-size wp-block-paragraph\">V\u010dasih, ko na trgovskih policah \u0161e ni bilo raznovrstne zelenjave v hladnej\u0161ih mesecih, je bila mlada \u010debula zelo cenjena. Je ena izmed prvih zelenjadnic, ki jih pobiramo na na\u0161ih vrti\u010dkih. Je odli\u010dno \u017eivilo, in \u010de jo imamo radi, jo lahko pobiramo vse leto.<\/p>\n\n\n\n<h2 class=\"has-text-align-center has-black-color has-luminous-vivid-amber-background-color has-text-color has-background wp-block-heading\"><strong>Za vrti\u010dkarje<\/strong><\/h2>\n\n\n\n<p class=\"has-text-align-justify has-medium-font-size wp-block-paragraph\">Stoletna \u010debula ima iste zahteve in lastnosti kot \u010debula, ki jo vsi poznamo. Zaradi \u010debulne muhe jo sadimo v me\u0161ane posevke. Dobri sosedi so: korenje, z radi\u010d, krompirjem, kolerabica, bu\u010dke in jagode. V zeli\u0161\u010dnem vrtu imam v bli\u017eini jane\u017e. Pa\u0161ejo pa tudi h kopru. Z stro\u010dnicami in kapusnicami se ne razume najbolje.&nbsp; Tudi k sorodnikom kot so: por, drobnjak in \u010desen je ni dobro postavljati.<\/p>\n\n\n\n<p class=\"has-text-align-justify has-medium-font-size wp-block-paragraph\">Prezimne sorte lahko pustimo na stalni gredici, saj se \u010debula sama obnavlja. Kot pa \u017ee re\u010deno, bo kar te\u017eko najti pravo mesto. Rezen \u010de jo boste gojili kot enoletnico. Za ta namen, kot mlado \u010debulo pa lahko posejete tudi srebrnjak.<\/p>\n","protected":false},"excerpt":{"rendered":"<p>Ve\u010dna \u010debula re\u010demo pri nas. Zanjo se uporabljajo \u0161e druga imena, kot so \u0161opasta \u010debula, zimska \u010debula, zimski luk ali stoletni luk. To je sicer bolj zelenjava kot zeli\u0161\u010de, vendar k meni je pri\u0161la v okviru programa zeli\u0161\u010dni vrt. Posejala sem jo, ker ima lep cvet in je trajnica. Prvo leto je iz posejanih semen&#8230;<\/p>\n<p class=\"more-link\"><a href=\"https:\/\/domacasemena.com\/?p=1237\"><span>Read More<\/span><i>&#43;<\/i><\/a><\/p>\n","protected":false},"author":1,"featured_media":1238,"comment_status":"open","ping_status":"open","sticky":false,"template":"","format":"standard","meta":{"_s2mail":"","advanced_seo_description":"","jetpack_seo_html_title":"","jetpack_seo_noindex":false,"_jetpack_newsletter_access":"","_jetpack_dont_email_post_to_subs":false,"_jetpack_newsletter_tier_id":0,"_jetpack_memberships_contains_paywalled_content":false,"_jetpack_feature_clip_id":0,"_jetpack_memberships_contains_paid_content":false,"footnotes":"","jetpack_publicize_message":"","jetpack_publicize_feature_enabled":true,"jetpack_social_post_already_shared":true,"jetpack_social_options":{"image_generator_settings":{"template":"highway","default_image_id":0,"font":"","enabled":false},"version":2},"jetpack_post_was_ever_published":false},"categories":[20],"tags":[],"class_list":["post-1237","post","type-post","status-publish","format-standard","has-post-thumbnail","hentry","category-zelisca"],"jetpack_publicize_connections":[],"jetpack_featured_media_url":"https:\/\/i0.wp.com\/domacasemena.com\/wp-content\/uploads\/2021\/05\/stoletna-cebula-kolaz.jpg?fit=940%2C400&ssl=1","jetpack-related-posts":[{"id":406,"url":"https:\/\/domacasemena.com\/?p=406","url_meta":{"origin":1237,"position":0},"title":"Doma\u010de jagode","author":"Doma\u010da Semena","date":"03\/08\/2017","format":false,"excerpt":"Pripravila sem nekaj preve\u010d sadik, pa zdaj ne vem kam z njimi. Nekam jih bom \u017ee vtaknila. Pomladi bom potem celo gredico starih jagod izpulila. Te ve\u010dinoma gredo v odpis.","rel":"","context":"In &quot;vrt&quot;","block_context":{"text":"vrt","link":"https:\/\/domacasemena.com\/?cat=24"},"img":{"alt_text":"doma\u010de-jagode","src":"https:\/\/i0.wp.com\/domacasemena.com\/wp-content\/uploads\/2021\/01\/jagode.jpg?fit=1200%2C960&ssl=1&resize=350%2C200","width":350,"height":200,"srcset":"https:\/\/i0.wp.com\/domacasemena.com\/wp-content\/uploads\/2021\/01\/jagode.jpg?fit=1200%2C960&ssl=1&resize=350%2C200 1x, https:\/\/i0.wp.com\/domacasemena.com\/wp-content\/uploads\/2021\/01\/jagode.jpg?fit=1200%2C960&ssl=1&resize=525%2C300 1.5x, https:\/\/i0.wp.com\/domacasemena.com\/wp-content\/uploads\/2021\/01\/jagode.jpg?fit=1200%2C960&ssl=1&resize=700%2C400 2x, https:\/\/i0.wp.com\/domacasemena.com\/wp-content\/uploads\/2021\/01\/jagode.jpg?fit=1200%2C960&ssl=1&resize=1050%2C600 3x"},"classes":[]},{"id":1138,"url":"https:\/\/domacasemena.com\/?p=1138","url_meta":{"origin":1237,"position":1},"title":"Vsaki\u010d druga\u010dne bu\u010de","author":"Doma\u010da Semena","date":"16\/01\/2021","format":false,"excerpt":"Te bu\u010de sadim samo za zabavo in za otroke, da imajo delo za no\u010d \u010darovnic. Vsako leto nekaj semen shranim. Letos sem se pa odlo\u010dila, da shranim vsa semena. \u010ce bi jih \u0161e kdo hotel. Je pa tako, da vsako leto nekaj drugega zrase. Mislila sem da sta bu\u010di na\u2026","rel":"","context":"In &quot;semena&quot;","block_context":{"text":"semena","link":"https:\/\/domacasemena.com\/?cat=19"},"img":{"alt_text":"\u0161e nekaj bu\u010d","src":"https:\/\/i0.wp.com\/domacasemena.com\/wp-content\/uploads\/2021\/01\/se-buce.jpg?fit=940%2C400&ssl=1&resize=350%2C200","width":350,"height":200,"srcset":"https:\/\/i0.wp.com\/domacasemena.com\/wp-content\/uploads\/2021\/01\/se-buce.jpg?fit=940%2C400&ssl=1&resize=350%2C200 1x, https:\/\/i0.wp.com\/domacasemena.com\/wp-content\/uploads\/2021\/01\/se-buce.jpg?fit=940%2C400&ssl=1&resize=525%2C300 1.5x, https:\/\/i0.wp.com\/domacasemena.com\/wp-content\/uploads\/2021\/01\/se-buce.jpg?fit=940%2C400&ssl=1&resize=700%2C400 2x"},"classes":[]},{"id":1584,"url":"https:\/\/domacasemena.com\/?p=1584","url_meta":{"origin":1237,"position":2},"title":"Goji jagode","author":"Doma\u010da Semena","date":"10\/08\/2023","format":false,"excerpt":"Spet neke jagode, ki niso jagode. Uvr\u0161\u010damo jih v dru\u017eino razhudnikovk. V to dru\u017eino spadajo tudi krompir, paradi\u017enik, paprika, jaj\u010devci in \u0161tevilne druge. \u00a0Goji jagoda je trajna, zdravilna rastlina, ki je doma na severu Kitajske. Vzgoja rastline naj bi bila zelo enostavna in nezahtevna. Ja, tudi jaz bom zelo pametna,\u2026","rel":"","context":"In &quot;jagodi\u010dje&quot;","block_context":{"text":"jagodi\u010dje","link":"https:\/\/domacasemena.com\/?cat=45"},"img":{"alt_text":"","src":"https:\/\/i0.wp.com\/domacasemena.com\/wp-content\/uploads\/2023\/07\/Goji-jagode.png?fit=1200%2C960&ssl=1&resize=350%2C200","width":350,"height":200,"srcset":"https:\/\/i0.wp.com\/domacasemena.com\/wp-content\/uploads\/2023\/07\/Goji-jagode.png?fit=1200%2C960&ssl=1&resize=350%2C200 1x, https:\/\/i0.wp.com\/domacasemena.com\/wp-content\/uploads\/2023\/07\/Goji-jagode.png?fit=1200%2C960&ssl=1&resize=525%2C300 1.5x, https:\/\/i0.wp.com\/domacasemena.com\/wp-content\/uploads\/2023\/07\/Goji-jagode.png?fit=1200%2C960&ssl=1&resize=700%2C400 2x, https:\/\/i0.wp.com\/domacasemena.com\/wp-content\/uploads\/2023\/07\/Goji-jagode.png?fit=1200%2C960&ssl=1&resize=1050%2C600 3x"},"classes":[]},{"id":1566,"url":"https:\/\/domacasemena.com\/?p=1566","url_meta":{"origin":1237,"position":3},"title":"Maline","author":"Doma\u010da Semena","date":"27\/07\/2023","format":false,"excerpt":"O, ja, maline imam pa \u017ee dolgo \u010dasa. Polovico od tega \u010dasa pa sem se u\u010dila, kako jih pravilno vzgajati. Nimam ravno sre\u010de s pridelkom. Le par letin je bilo res dobrih. Sadike nisem kupila, prinesem mi jih je o\u010de. Te prve sem tudi posadila na lokacijo, ki ni bila\u2026","rel":"","context":"In &quot;jagodi\u010dje&quot;","block_context":{"text":"jagodi\u010dje","link":"https:\/\/domacasemena.com\/?cat=45"},"img":{"alt_text":"","src":"https:\/\/i0.wp.com\/domacasemena.com\/wp-content\/uploads\/2023\/07\/Maline.jpg?fit=1200%2C960&ssl=1&resize=350%2C200","width":350,"height":200,"srcset":"https:\/\/i0.wp.com\/domacasemena.com\/wp-content\/uploads\/2023\/07\/Maline.jpg?fit=1200%2C960&ssl=1&resize=350%2C200 1x, https:\/\/i0.wp.com\/domacasemena.com\/wp-content\/uploads\/2023\/07\/Maline.jpg?fit=1200%2C960&ssl=1&resize=525%2C300 1.5x, https:\/\/i0.wp.com\/domacasemena.com\/wp-content\/uploads\/2023\/07\/Maline.jpg?fit=1200%2C960&ssl=1&resize=700%2C400 2x, https:\/\/i0.wp.com\/domacasemena.com\/wp-content\/uploads\/2023\/07\/Maline.jpg?fit=1200%2C960&ssl=1&resize=1050%2C600 3x"},"classes":[]},{"id":1574,"url":"https:\/\/domacasemena.com\/?p=1574","url_meta":{"origin":1237,"position":4},"title":"Ribez","author":"Doma\u010da Semena","date":"05\/08\/2023","format":false,"excerpt":"Z ribezom sem gor zrasla. Stara mati ga je imela. Nekaj grmov \u010drnega in nekaj grmov rde\u010dega. Vsak grozd je skrbno pobrala in potem prodala. Tam nekje v Gorjah so ga odkupovali. Takrat se je \u0161e vse spla\u010dalo, \u0161e ribez obirati. Za doma je mogo\u010de obdr\u017eala za en sokovnik jagod\u2026","rel":"","context":"In &quot;jagodi\u010dje&quot;","block_context":{"text":"jagodi\u010dje","link":"https:\/\/domacasemena.com\/?cat=45"},"img":{"alt_text":"","src":"https:\/\/i0.wp.com\/domacasemena.com\/wp-content\/uploads\/2023\/07\/Ribez.jpg?fit=1200%2C960&ssl=1&resize=350%2C200","width":350,"height":200,"srcset":"https:\/\/i0.wp.com\/domacasemena.com\/wp-content\/uploads\/2023\/07\/Ribez.jpg?fit=1200%2C960&ssl=1&resize=350%2C200 1x, https:\/\/i0.wp.com\/domacasemena.com\/wp-content\/uploads\/2023\/07\/Ribez.jpg?fit=1200%2C960&ssl=1&resize=525%2C300 1.5x, https:\/\/i0.wp.com\/domacasemena.com\/wp-content\/uploads\/2023\/07\/Ribez.jpg?fit=1200%2C960&ssl=1&resize=700%2C400 2x, https:\/\/i0.wp.com\/domacasemena.com\/wp-content\/uploads\/2023\/07\/Ribez.jpg?fit=1200%2C960&ssl=1&resize=1050%2C600 3x"},"classes":[]},{"id":394,"url":"https:\/\/domacasemena.com\/?p=394","url_meta":{"origin":1237,"position":5},"title":"Doma\u010da \u010debula","author":"Doma\u010da Semena","date":"02\/11\/2016","format":false,"excerpt":"Rde\u010do \u010debulo, sorte ptujska rde\u010da, sem letos sadila zato, ker ho\u010dem gojiti doma\u010de, slovenske sorte zelenjave. Za pridelovano semena in \u010debul\u010dka sem potrebovala \u010debulo. Verjetno bom to \u010debulo spomladi tudi sadila, da pridem do semen, \u010deprav s pridelkom nisem prav ni\u010d zadovoljna.","rel":"","context":"In &quot;semena&quot;","block_context":{"text":"semena","link":"https:\/\/domacasemena.com\/?cat=19"},"img":{"alt_text":"doma\u010da-\u010debula","src":"https:\/\/i0.wp.com\/domacasemena.com\/wp-content\/uploads\/2021\/01\/ebula.jpg?fit=1200%2C960&ssl=1&resize=350%2C200","width":350,"height":200,"srcset":"https:\/\/i0.wp.com\/domacasemena.com\/wp-content\/uploads\/2021\/01\/ebula.jpg?fit=1200%2C960&ssl=1&resize=350%2C200 1x, https:\/\/i0.wp.com\/domacasemena.com\/wp-content\/uploads\/2021\/01\/ebula.jpg?fit=1200%2C960&ssl=1&resize=525%2C300 1.5x, https:\/\/i0.wp.com\/domacasemena.com\/wp-content\/uploads\/2021\/01\/ebula.jpg?fit=1200%2C960&ssl=1&resize=700%2C400 2x, https:\/\/i0.wp.com\/domacasemena.com\/wp-content\/uploads\/2021\/01\/ebula.jpg?fit=1200%2C960&ssl=1&resize=1050%2C600 3x"},"classes":[]}],"jetpack_shortlink":"https:\/\/wp.me\/pcxL4t-jX","jetpack_sharing_enabled":true,"jetpack_likes_enabled":true,"_links":{"self":[{"href":"https:\/\/domacasemena.com\/index.php?rest_route=\/wp\/v2\/posts\/1237","targetHints":{"allow":["GET"]}}],"collection":[{"href":"https:\/\/domacasemena.com\/index.php?rest_route=\/wp\/v2\/posts"}],"about":[{"href":"https:\/\/domacasemena.com\/index.php?rest_route=\/wp\/v2\/types\/post"}],"author":[{"embeddable":true,"href":"https:\/\/domacasemena.com\/index.php?rest_route=\/wp\/v2\/users\/1"}],"replies":[{"embeddable":true,"href":"https:\/\/domacasemena.com\/index.php?rest_route=%2Fwp%2Fv2%2Fcomments&post=1237"}],"version-history":[{"count":1,"href":"https:\/\/domacasemena.com\/index.php?rest_route=\/wp\/v2\/posts\/1237\/revisions"}],"predecessor-version":[{"id":1239,"href":"https:\/\/domacasemena.com\/index.php?rest_route=\/wp\/v2\/posts\/1237\/revisions\/1239"}],"wp:featuredmedia":[{"embeddable":true,"href":"https:\/\/domacasemena.com\/index.php?rest_route=\/wp\/v2\/media\/1238"}],"wp:attachment":[{"href":"https:\/\/domacasemena.com\/index.php?rest_route=%2Fwp%2Fv2%2Fmedia&parent=1237"}],"wp:term":[{"taxonomy":"category","embeddable":true,"href":"https:\/\/domacasemena.com\/index.php?rest_route=%2Fwp%2Fv2%2Fcategories&post=1237"},{"taxonomy":"post_tag","embeddable":true,"href":"https:\/\/domacasemena.com\/index.php?rest_route=%2Fwp%2Fv2%2Ftags&post=1237"}],"curies":[{"name":"wp","href":"https:\/\/api.w.org\/{rel}","templated":true}]}}