{"id":1345,"date":"2021-11-27T13:31:52","date_gmt":"2021-11-27T13:31:52","guid":{"rendered":"https:\/\/domacasemena.com\/?p=1345"},"modified":"2021-11-27T19:37:43","modified_gmt":"2021-11-27T19:37:43","slug":"feferoni-kar-dva-na-en-mah","status":"publish","type":"post","link":"https:\/\/domacasemena.com\/?p=1345","title":{"rendered":"Feferoni, kar dva na en mah"},"content":{"rendered":"\n<figure class=\"wp-block-image size-full\"><img data-recalc-dims=\"1\" loading=\"lazy\" decoding=\"async\" width=\"940\" height=\"400\" data-attachment-id=\"1346\" data-permalink=\"https:\/\/domacasemena.com\/?attachment_id=1346#main\" data-orig-file=\"https:\/\/i0.wp.com\/domacasemena.com\/wp-content\/uploads\/2021\/11\/kolaz.jpg?fit=940%2C400&amp;ssl=1\" data-orig-size=\"940,400\" data-comments-opened=\"1\" data-image-meta=\"{&quot;aperture&quot;:&quot;0&quot;,&quot;credit&quot;:&quot;&quot;,&quot;camera&quot;:&quot;&quot;,&quot;caption&quot;:&quot;&quot;,&quot;created_timestamp&quot;:&quot;0&quot;,&quot;copyright&quot;:&quot;&quot;,&quot;focal_length&quot;:&quot;0&quot;,&quot;iso&quot;:&quot;0&quot;,&quot;shutter_speed&quot;:&quot;0&quot;,&quot;title&quot;:&quot;&quot;,&quot;orientation&quot;:&quot;1&quot;}\" data-image-title=\"Feferoni\" data-image-description=\"&lt;p&gt;Doma\u010da semena feferonov&lt;\/p&gt;\n\" data-image-caption=\"\" data-large-file=\"https:\/\/i0.wp.com\/domacasemena.com\/wp-content\/uploads\/2021\/11\/kolaz.jpg?fit=940%2C400&amp;ssl=1\" src=\"https:\/\/i0.wp.com\/domacasemena.com\/wp-content\/uploads\/2021\/11\/kolaz.jpg?resize=940%2C400&#038;ssl=1\" alt=\"\" class=\"wp-image-1346\" srcset=\"https:\/\/i0.wp.com\/domacasemena.com\/wp-content\/uploads\/2021\/11\/kolaz.jpg?w=940&amp;ssl=1 940w, https:\/\/i0.wp.com\/domacasemena.com\/wp-content\/uploads\/2021\/11\/kolaz.jpg?resize=300%2C128&amp;ssl=1 300w, https:\/\/i0.wp.com\/domacasemena.com\/wp-content\/uploads\/2021\/11\/kolaz.jpg?resize=768%2C327&amp;ssl=1 768w, https:\/\/i0.wp.com\/domacasemena.com\/wp-content\/uploads\/2021\/11\/kolaz.jpg?resize=600%2C255&amp;ssl=1 600w\" sizes=\"auto, (max-width: 940px) 100vw, 940px\" \/><\/figure>\n\n\n\n<p class=\"has-text-align-justify has-medium-font-size wp-block-paragraph\">Zunaj je prava lu\u017ea. Padel je prvi leto\u0161nji sneg. No, ne prvi v tem koledarskem letu, temve\u010d prvi v tej zimi. Pa ko bi padel samo sneg bi bilo \u010dist v redu. \u017dal, kot je zadnja leta vse prepogosto, pade potem \u0161e de\u017e.<\/p>\n\n\n\n<p class=\"has-text-align-justify has-medium-font-size wp-block-paragraph\">Jaz pa imam \u0161e polno semen za pospravit. Tile feferoni so mi v kuhinji \u017ee \u010disto napoto delali. Pravzaprav niso bili predvideni za semen, temve\u010d za za\u010dimbo. Kaj \u010de\u0161, \u010de ho\u010dem za\u010dimbo, moram najprej odstraniti semena. Tako, dve deli na en mah. Rezultat: za\u010dimba in semena.<\/p>\n\n\n\n<p class=\"has-text-align-justify has-medium-font-size wp-block-paragraph\">Ne \u010disto po planu. \u010ce dobro pogledate, potem boste videli, da sem imela dve vrsti feferonov; rde\u010de hude in oran\u017ene sladke. Vsaj mislila sem tako. Na koncu pe\u010de vse. Pa dobro, niti nisem bila presene\u010dena, ni se mi to zgodilo prvi\u010d. Je \u017ee tako, da se feferoni zelo radi pre-sortajo.<\/p>\n\n\n\n<p class=\"has-medium-font-size wp-block-paragraph\">V glavnem, to je sedaj pospravljeno.<\/p>\n\n\n\n<p class=\"has-large-font-size wp-block-paragraph\">Ogled \u0161e v sliki:<\/p>\n\n\n\n<figure class=\"wp-block-embed is-type-video is-provider-youtube wp-block-embed-youtube wp-embed-aspect-16-9 wp-has-aspect-ratio\"><div class=\"wp-block-embed__wrapper\">\n<iframe loading=\"lazy\" title=\"Feferoni za za\u010dimbo in semena\" width=\"1140\" height=\"641\" src=\"https:\/\/www.youtube.com\/embed\/83zoZS7lw48?feature=oembed\" frameborder=\"0\" allow=\"accelerometer; autoplay; clipboard-write; encrypted-media; gyroscope; picture-in-picture\" allowfullscreen><\/iframe>\n<\/div><\/figure>\n","protected":false},"excerpt":{"rendered":"<p>Zunaj je prava lu\u017ea. Padel je prvi leto\u0161nji sneg. No, ne prvi v tem koledarskem letu, temve\u010d prvi v tej zimi. Pa ko bi padel samo sneg bi bilo \u010dist v redu. \u017dal, kot je zadnja leta vse prepogosto, pade potem \u0161e de\u017e. Jaz pa imam \u0161e polno semen za pospravit. Tile feferoni so mi&#8230;<\/p>\n<p class=\"more-link\"><a href=\"https:\/\/domacasemena.com\/?p=1345\"><span>Read More<\/span><i>&#43;<\/i><\/a><\/p>\n","protected":false},"author":1,"featured_media":1346,"comment_status":"open","ping_status":"open","sticky":false,"template":"","format":"standard","meta":{"_s2mail":"","advanced_seo_description":"","jetpack_seo_html_title":"","jetpack_seo_noindex":false,"_jetpack_newsletter_access":"","_jetpack_dont_email_post_to_subs":false,"_jetpack_newsletter_tier_id":0,"_jetpack_memberships_contains_paywalled_content":false,"_jetpack_feature_clip_id":0,"_jetpack_memberships_contains_paid_content":false,"footnotes":"","jetpack_publicize_message":"","jetpack_publicize_feature_enabled":true,"jetpack_social_post_already_shared":true,"jetpack_social_options":{"image_generator_settings":{"template":"highway","default_image_id":0,"font":"","enabled":false},"version":2},"jetpack_post_was_ever_published":false},"categories":[19],"tags":[],"class_list":["post-1345","post","type-post","status-publish","format-standard","has-post-thumbnail","hentry","category-semena"],"jetpack_publicize_connections":[],"jetpack_featured_media_url":"https:\/\/i0.wp.com\/domacasemena.com\/wp-content\/uploads\/2021\/11\/kolaz.jpg?fit=940%2C400&ssl=1","jetpack-related-posts":[{"id":1122,"url":"https:\/\/domacasemena.com\/?p=1122","url_meta":{"origin":1345,"position":0},"title":"Doma\u010da semena bu\u010dk","author":"Doma\u010da Semena","date":"06\/01\/2021","format":false,"excerpt":"a-semena Tole sem danes 6.januarja potegnila iz snega. Ne, nisem imela ve\u010d bu\u010dk na polju. Vse sem jih pobrala, samo odlo\u017eila sem jih kar za prvi vogal, pa mi jih je letos \u017ee drugi\u010d zasne\u017eilo. Januar je pravi \u010das za splavilo doma\u010dih semen bu\u010dk in bu\u010d. Mislim, da se na\u2026","rel":"","context":"In &quot;semena&quot;","block_context":{"text":"semena","link":"https:\/\/domacasemena.com\/?cat=19"},"img":{"alt_text":"doma\u010da-semena-bu\u010dk","src":"https:\/\/i0.wp.com\/domacasemena.com\/wp-content\/uploads\/2021\/01\/semena-buck.jpg?fit=940%2C400&ssl=1&resize=350%2C200","width":350,"height":200,"srcset":"https:\/\/i0.wp.com\/domacasemena.com\/wp-content\/uploads\/2021\/01\/semena-buck.jpg?fit=940%2C400&ssl=1&resize=350%2C200 1x, https:\/\/i0.wp.com\/domacasemena.com\/wp-content\/uploads\/2021\/01\/semena-buck.jpg?fit=940%2C400&ssl=1&resize=525%2C300 1.5x, https:\/\/i0.wp.com\/domacasemena.com\/wp-content\/uploads\/2021\/01\/semena-buck.jpg?fit=940%2C400&ssl=1&resize=700%2C400 2x"},"classes":[]},{"id":494,"url":"https:\/\/domacasemena.com\/?p=494","url_meta":{"origin":1345,"position":1},"title":"Semena navadne koprive","author":"Doma\u010da Semena","date":"28\/11\/2017","format":false,"excerpt":"Ve\u010dkrat letno, kadar le imam \u010das, grem na ekskurzijo v najbli\u017ejo trgovino s semeni. Gledat hodim, \u010desa vsega ne potrebujem in vsakokrat je zelo zanimivo. Prvo splo\u0161no opa\u017eanje je, da je vedno ve\u010d stojal s semenskimi paketki. Drugo, vedno ve\u010d semen razli\u010dni zelenjavnih sort, ki jih prej pri nas nismo\u2026","rel":"","context":"In &quot;semena&quot;","block_context":{"text":"semena","link":"https:\/\/domacasemena.com\/?cat=19"},"img":{"alt_text":"kopriva","src":"https:\/\/i0.wp.com\/domacasemena.com\/wp-content\/uploads\/2020\/11\/semena-koprive-scaled.jpg?fit=900%2C1200&ssl=1&resize=350%2C200","width":350,"height":200,"srcset":"https:\/\/i0.wp.com\/domacasemena.com\/wp-content\/uploads\/2020\/11\/semena-koprive-scaled.jpg?fit=900%2C1200&ssl=1&resize=350%2C200 1x, https:\/\/i0.wp.com\/domacasemena.com\/wp-content\/uploads\/2020\/11\/semena-koprive-scaled.jpg?fit=900%2C1200&ssl=1&resize=525%2C300 1.5x, https:\/\/i0.wp.com\/domacasemena.com\/wp-content\/uploads\/2020\/11\/semena-koprive-scaled.jpg?fit=900%2C1200&ssl=1&resize=700%2C400 2x"},"classes":[]},{"id":1589,"url":"https:\/\/domacasemena.com\/?p=1589","url_meta":{"origin":1345,"position":2},"title":"Zgleda ne, rase pa","author":"Doma\u010da Semena","date":"29\/07\/2023","format":false,"excerpt":"Tole na prvi fotografiji je rukola. Posejala se je sama in rase kot plevel. Na tej gredici je bila tudi prej rukola. Pustila sem jo, da je \u0161la v cvet in seme. Glavnino semen sem pobrala. Nisem niti utegnila povedati, kaj \u0161ele slikati. Semen je spet za cel \u0161kaf. Nekaj\u2026","rel":"","context":"In &quot;vrt&quot;","block_context":{"text":"vrt","link":"https:\/\/domacasemena.com\/?cat=24"},"img":{"alt_text":"","src":"https:\/\/i0.wp.com\/domacasemena.com\/wp-content\/uploads\/2023\/07\/Zgleda-ne-rase-pa.jpg?fit=1200%2C960&ssl=1&resize=350%2C200","width":350,"height":200,"srcset":"https:\/\/i0.wp.com\/domacasemena.com\/wp-content\/uploads\/2023\/07\/Zgleda-ne-rase-pa.jpg?fit=1200%2C960&ssl=1&resize=350%2C200 1x, https:\/\/i0.wp.com\/domacasemena.com\/wp-content\/uploads\/2023\/07\/Zgleda-ne-rase-pa.jpg?fit=1200%2C960&ssl=1&resize=525%2C300 1.5x, https:\/\/i0.wp.com\/domacasemena.com\/wp-content\/uploads\/2023\/07\/Zgleda-ne-rase-pa.jpg?fit=1200%2C960&ssl=1&resize=700%2C400 2x, https:\/\/i0.wp.com\/domacasemena.com\/wp-content\/uploads\/2023\/07\/Zgleda-ne-rase-pa.jpg?fit=1200%2C960&ssl=1&resize=1050%2C600 3x"},"classes":[]},{"id":1269,"url":"https:\/\/domacasemena.com\/?p=1269","url_meta":{"origin":1345,"position":3},"title":"Pravila za pridelavo semen","author":"Doma\u010da Semena","date":"31\/07\/2021","format":false,"excerpt":"Jaz imam dve osnovni pravili: Ne komplicirajPusti naravi, da napravi svoje Sicer potem upo\u0161tevam \u0161e vsa ostala pravila in priporo\u010dila, ampak za\u010dela sem s tema osnovnima dvema. Ve\u010dkrat in zmeraj povem, da sem vsa prva semena pridelala po sistemu kmeta z debelim krompirjem in samo z upo\u0161tevanjem zgornjih dveh pravil.\u2026","rel":"","context":"In &quot;semena&quot;","block_context":{"text":"semena","link":"https:\/\/domacasemena.com\/?cat=19"},"img":{"alt_text":"","src":"https:\/\/i0.wp.com\/domacasemena.com\/wp-content\/uploads\/2020\/11\/cropped-IMG_7960-scaled-1.jpg?fit=1200%2C347&ssl=1&resize=350%2C200","width":350,"height":200,"srcset":"https:\/\/i0.wp.com\/domacasemena.com\/wp-content\/uploads\/2020\/11\/cropped-IMG_7960-scaled-1.jpg?fit=1200%2C347&ssl=1&resize=350%2C200 1x, https:\/\/i0.wp.com\/domacasemena.com\/wp-content\/uploads\/2020\/11\/cropped-IMG_7960-scaled-1.jpg?fit=1200%2C347&ssl=1&resize=525%2C300 1.5x, https:\/\/i0.wp.com\/domacasemena.com\/wp-content\/uploads\/2020\/11\/cropped-IMG_7960-scaled-1.jpg?fit=1200%2C347&ssl=1&resize=700%2C400 2x, https:\/\/i0.wp.com\/domacasemena.com\/wp-content\/uploads\/2020\/11\/cropped-IMG_7960-scaled-1.jpg?fit=1200%2C347&ssl=1&resize=1050%2C600 3x"},"classes":[]},{"id":616,"url":"https:\/\/domacasemena.com\/?p=616","url_meta":{"origin":1345,"position":4},"title":"\u017dajbelj","author":"Doma\u010da Semena","date":"03\/04\/2021","format":false,"excerpt":"\u017dajbelj je hvale\u017eno zeli\u0161\u010de, ki so ga cenili \u017ee na\u0161i stari star\u0161i. Na starej\u0161ih slovenskih vrti\u010dkih praviloma povsod videvam grmi\u010dke \u017eajblja. Na tak na\u010din sem ga tudi dobila. Najprej sem ga zasadila na vrt, ampak kmalu ugotovila, da to ne bo v redu. Zdaj je na zeli\u0161\u010dnem vrtu. Eno sadiko\u2026","rel":"","context":"In &quot;zeli\u0161\u010da&quot;","block_context":{"text":"zeli\u0161\u010da","link":"https:\/\/domacasemena.com\/?cat=20"},"img":{"alt_text":"\u017eajbelj","src":"https:\/\/i0.wp.com\/domacasemena.com\/wp-content\/uploads\/2020\/12\/ajbelj.jpg?fit=912%2C430&ssl=1&resize=350%2C200","width":350,"height":200,"srcset":"https:\/\/i0.wp.com\/domacasemena.com\/wp-content\/uploads\/2020\/12\/ajbelj.jpg?fit=912%2C430&ssl=1&resize=350%2C200 1x, https:\/\/i0.wp.com\/domacasemena.com\/wp-content\/uploads\/2020\/12\/ajbelj.jpg?fit=912%2C430&ssl=1&resize=525%2C300 1.5x, https:\/\/i0.wp.com\/domacasemena.com\/wp-content\/uploads\/2020\/12\/ajbelj.jpg?fit=912%2C430&ssl=1&resize=700%2C400 2x"},"classes":[]},{"id":1638,"url":"https:\/\/domacasemena.com\/?p=1638","url_meta":{"origin":1345,"position":5},"title":"Zima, zima bela","author":"Doma\u010da Semena","date":"25\/01\/2024","format":false,"excerpt":"Danes pi\u0161emo 19.1.2024. Vremenska napoved je sneg do ni\u017ein. Prometna napoved; opozorilo voznikom na zimske razmere. Ni\u010d nenavadnega, pa vendar, ker pogled skozi okno pravi, de\u017euje kot iz \u0161kafa. Spra\u0161ujem se ali bo leto\u0161nja zima, moja prva zima brez snega? Odlo\u010dila sem se zapisati tistih nekaj par spominov na sneg.\u2026","rel":"","context":"In &quot;Zgodbe&quot;","block_context":{"text":"Zgodbe","link":"https:\/\/domacasemena.com\/?cat=1"},"img":{"alt_text":"","src":"https:\/\/i0.wp.com\/domacasemena.com\/wp-content\/uploads\/2021\/01\/drugic-cik-cak.-scaled.jpg?fit=900%2C1200&ssl=1&resize=350%2C200","width":350,"height":200,"srcset":"https:\/\/i0.wp.com\/domacasemena.com\/wp-content\/uploads\/2021\/01\/drugic-cik-cak.-scaled.jpg?fit=900%2C1200&ssl=1&resize=350%2C200 1x, https:\/\/i0.wp.com\/domacasemena.com\/wp-content\/uploads\/2021\/01\/drugic-cik-cak.-scaled.jpg?fit=900%2C1200&ssl=1&resize=525%2C300 1.5x, https:\/\/i0.wp.com\/domacasemena.com\/wp-content\/uploads\/2021\/01\/drugic-cik-cak.-scaled.jpg?fit=900%2C1200&ssl=1&resize=700%2C400 2x"},"classes":[]}],"jetpack_shortlink":"https:\/\/wp.me\/pcxL4t-lH","jetpack_sharing_enabled":true,"jetpack_likes_enabled":true,"_links":{"self":[{"href":"https:\/\/domacasemena.com\/index.php?rest_route=\/wp\/v2\/posts\/1345","targetHints":{"allow":["GET"]}}],"collection":[{"href":"https:\/\/domacasemena.com\/index.php?rest_route=\/wp\/v2\/posts"}],"about":[{"href":"https:\/\/domacasemena.com\/index.php?rest_route=\/wp\/v2\/types\/post"}],"author":[{"embeddable":true,"href":"https:\/\/domacasemena.com\/index.php?rest_route=\/wp\/v2\/users\/1"}],"replies":[{"embeddable":true,"href":"https:\/\/domacasemena.com\/index.php?rest_route=%2Fwp%2Fv2%2Fcomments&post=1345"}],"version-history":[{"count":3,"href":"https:\/\/domacasemena.com\/index.php?rest_route=\/wp\/v2\/posts\/1345\/revisions"}],"predecessor-version":[{"id":1349,"href":"https:\/\/domacasemena.com\/index.php?rest_route=\/wp\/v2\/posts\/1345\/revisions\/1349"}],"wp:featuredmedia":[{"embeddable":true,"href":"https:\/\/domacasemena.com\/index.php?rest_route=\/wp\/v2\/media\/1346"}],"wp:attachment":[{"href":"https:\/\/domacasemena.com\/index.php?rest_route=%2Fwp%2Fv2%2Fmedia&parent=1345"}],"wp:term":[{"taxonomy":"category","embeddable":true,"href":"https:\/\/domacasemena.com\/index.php?rest_route=%2Fwp%2Fv2%2Fcategories&post=1345"},{"taxonomy":"post_tag","embeddable":true,"href":"https:\/\/domacasemena.com\/index.php?rest_route=%2Fwp%2Fv2%2Ftags&post=1345"}],"curies":[{"name":"wp","href":"https:\/\/api.w.org\/{rel}","templated":true}]}}