{"id":1362,"date":"2022-03-21T18:06:00","date_gmt":"2022-03-21T18:06:00","guid":{"rendered":"https:\/\/domacasemena.com\/?p=1362"},"modified":"2022-03-23T10:01:38","modified_gmt":"2022-03-23T10:01:38","slug":"repa","status":"publish","type":"post","link":"https:\/\/domacasemena.com\/?p=1362","title":{"rendered":"Repa"},"content":{"rendered":"\n<p class=\"has-text-align-justify has-medium-font-size wp-block-paragraph\">To repo s fotografije sem lansko leto namenoma pustila. Zimo je pre\u017eivela, zdaj pa nekaj vegetira tam na polju. V planu je za pridelavo semen, potrebujem nova. To je \u017ee repa iz lastnih semen. Zdaj upam, da bo cvetela, kot je treba in da bo tudi naredila semena.<\/p>\n\n\n\n<figure class=\"wp-block-image size-large\"><img data-recalc-dims=\"1\" loading=\"lazy\" decoding=\"async\" width=\"1024\" height=\"819\" data-attachment-id=\"1363\" data-permalink=\"https:\/\/domacasemena.com\/?attachment_id=1363#main\" data-orig-file=\"https:\/\/i0.wp.com\/domacasemena.com\/wp-content\/uploads\/2022\/03\/repa.jpg?fit=2000%2C1600&amp;ssl=1\" data-orig-size=\"2000,1600\" data-comments-opened=\"1\" data-image-meta=\"{&quot;aperture&quot;:&quot;0&quot;,&quot;credit&quot;:&quot;&quot;,&quot;camera&quot;:&quot;&quot;,&quot;caption&quot;:&quot;&quot;,&quot;created_timestamp&quot;:&quot;0&quot;,&quot;copyright&quot;:&quot;&quot;,&quot;focal_length&quot;:&quot;0&quot;,&quot;iso&quot;:&quot;0&quot;,&quot;shutter_speed&quot;:&quot;0&quot;,&quot;title&quot;:&quot;&quot;,&quot;orientation&quot;:&quot;1&quot;}\" data-image-title=\"repa\" data-image-description=\"\" data-image-caption=\"\" data-large-file=\"https:\/\/i0.wp.com\/domacasemena.com\/wp-content\/uploads\/2022\/03\/repa.jpg?fit=1024%2C819&amp;ssl=1\" src=\"https:\/\/i0.wp.com\/domacasemena.com\/wp-content\/uploads\/2022\/03\/repa.jpg?resize=1024%2C819&#038;ssl=1\" alt=\"\" class=\"wp-image-1363\" srcset=\"https:\/\/i0.wp.com\/domacasemena.com\/wp-content\/uploads\/2022\/03\/repa.jpg?resize=1024%2C819&amp;ssl=1 1024w, https:\/\/i0.wp.com\/domacasemena.com\/wp-content\/uploads\/2022\/03\/repa.jpg?resize=300%2C240&amp;ssl=1 300w, https:\/\/i0.wp.com\/domacasemena.com\/wp-content\/uploads\/2022\/03\/repa.jpg?resize=768%2C614&amp;ssl=1 768w, https:\/\/i0.wp.com\/domacasemena.com\/wp-content\/uploads\/2022\/03\/repa.jpg?resize=1536%2C1229&amp;ssl=1 1536w, https:\/\/i0.wp.com\/domacasemena.com\/wp-content\/uploads\/2022\/03\/repa.jpg?resize=600%2C480&amp;ssl=1 600w, https:\/\/i0.wp.com\/domacasemena.com\/wp-content\/uploads\/2022\/03\/repa.jpg?w=2000&amp;ssl=1 2000w\" sizes=\"auto, (max-width: 1024px) 100vw, 1024px\" \/><\/figure>\n\n\n\n<p class=\"has-text-align-justify has-medium-font-size wp-block-paragraph\">\u0160e malo \u010dasa jo bom pustila pri miru, potem bom naredila selekcijo in populila tiste najmanj\u0161e. Manjka samo malo de\u017eja in potem, \u010de bo prav, bi to moralo hitro rasti. Lansko leto s semeni repe nisem imela sre\u010de. Samo nekaj malega semen je naredila, pa \u0161e te so pojedle mi\u0161i. Letos si pri takem \u0161tevilu semenk obetam bolj\u0161o letino.<\/p>\n\n\n\n<p class=\"has-medium-font-size wp-block-paragraph\">Repa naredi semena pravi \u010das, da se jo lahko seje \u0161e v istem letu. Pribli\u017eno nekje v avgustu so semena zrela, \u010de je prav. Avgust pa je tudi mesec, ko jaz najpozneje sejem repo. Odvisno od de\u017eja, sejati je zastonj, \u010de zemlje prej ali takoj za tem ne zmo\u010di de\u017e. Tako se mi je pokazalo.<\/p>\n","protected":false},"excerpt":{"rendered":"<p>To repo s fotografije sem lansko leto namenoma pustila. Zimo je pre\u017eivela, zdaj pa nekaj vegetira tam na polju. V planu je za pridelavo semen, potrebujem nova. To je \u017ee repa iz lastnih semen. Zdaj upam, da bo cvetela, kot je treba in da bo tudi naredila semena. \u0160e malo \u010dasa jo bom pustila pri&#8230;<\/p>\n<p class=\"more-link\"><a href=\"https:\/\/domacasemena.com\/?p=1362\"><span>Read More<\/span><i>&#43;<\/i><\/a><\/p>\n","protected":false},"author":1,"featured_media":1363,"comment_status":"open","ping_status":"open","sticky":false,"template":"","format":"standard","meta":{"_s2mail":"","advanced_seo_description":"","jetpack_seo_html_title":"","jetpack_seo_noindex":false,"_jetpack_newsletter_access":"","_jetpack_dont_email_post_to_subs":false,"_jetpack_newsletter_tier_id":0,"_jetpack_memberships_contains_paywalled_content":false,"_jetpack_feature_clip_id":0,"_jetpack_memberships_contains_paid_content":false,"footnotes":"","jetpack_publicize_message":"","jetpack_publicize_feature_enabled":true,"jetpack_social_post_already_shared":true,"jetpack_social_options":{"image_generator_settings":{"template":"highway","default_image_id":0,"font":"","enabled":false},"version":2},"jetpack_post_was_ever_published":false},"categories":[19],"tags":[],"class_list":["post-1362","post","type-post","status-publish","format-standard","has-post-thumbnail","hentry","category-semena"],"jetpack_publicize_connections":[],"jetpack_featured_media_url":"https:\/\/i0.wp.com\/domacasemena.com\/wp-content\/uploads\/2022\/03\/repa.jpg?fit=2000%2C1600&ssl=1","jetpack-related-posts":[{"id":1589,"url":"https:\/\/domacasemena.com\/?p=1589","url_meta":{"origin":1362,"position":0},"title":"Zgleda ne, rase pa","author":"Doma\u010da Semena","date":"29\/07\/2023","format":false,"excerpt":"Tole na prvi fotografiji je rukola. Posejala se je sama in rase kot plevel. Na tej gredici je bila tudi prej rukola. Pustila sem jo, da je \u0161la v cvet in seme. Glavnino semen sem pobrala. Nisem niti utegnila povedati, kaj \u0161ele slikati. Semen je spet za cel \u0161kaf. Nekaj\u2026","rel":"","context":"In &quot;vrt&quot;","block_context":{"text":"vrt","link":"https:\/\/domacasemena.com\/?cat=24"},"img":{"alt_text":"","src":"https:\/\/i0.wp.com\/domacasemena.com\/wp-content\/uploads\/2023\/07\/Zgleda-ne-rase-pa.jpg?fit=1200%2C960&ssl=1&resize=350%2C200","width":350,"height":200,"srcset":"https:\/\/i0.wp.com\/domacasemena.com\/wp-content\/uploads\/2023\/07\/Zgleda-ne-rase-pa.jpg?fit=1200%2C960&ssl=1&resize=350%2C200 1x, https:\/\/i0.wp.com\/domacasemena.com\/wp-content\/uploads\/2023\/07\/Zgleda-ne-rase-pa.jpg?fit=1200%2C960&ssl=1&resize=525%2C300 1.5x, https:\/\/i0.wp.com\/domacasemena.com\/wp-content\/uploads\/2023\/07\/Zgleda-ne-rase-pa.jpg?fit=1200%2C960&ssl=1&resize=700%2C400 2x, https:\/\/i0.wp.com\/domacasemena.com\/wp-content\/uploads\/2023\/07\/Zgleda-ne-rase-pa.jpg?fit=1200%2C960&ssl=1&resize=1050%2C600 3x"},"classes":[]},{"id":1188,"url":"https:\/\/domacasemena.com\/?p=1188","url_meta":{"origin":1362,"position":1},"title":"Solkanski radi\u010d","author":"Doma\u010da Semena","date":"12\/03\/2021","format":false,"excerpt":"Nekaj mora biti na teh doma\u010dih semenih. Da so bolj prilagojena, da so bolj odporna, da so\u2026Najbolj pomembno, enostavno jih je vzgojiti. Poglejte tale solkanski radi\u010d. Lansko leto sem ga posejala, pobrala ga nisem, ker pa\u010d je bilo dovolj druge zelenjave, ker mi je bil malo od rok, ker se\u2026","rel":"","context":"In &quot;semena&quot;","block_context":{"text":"semena","link":"https:\/\/domacasemena.com\/?cat=19"},"img":{"alt_text":"","src":"https:\/\/i0.wp.com\/domacasemena.com\/wp-content\/uploads\/2021\/03\/solkanski-radic.jpg?fit=940%2C400&ssl=1&resize=350%2C200","width":350,"height":200,"srcset":"https:\/\/i0.wp.com\/domacasemena.com\/wp-content\/uploads\/2021\/03\/solkanski-radic.jpg?fit=940%2C400&ssl=1&resize=350%2C200 1x, https:\/\/i0.wp.com\/domacasemena.com\/wp-content\/uploads\/2021\/03\/solkanski-radic.jpg?fit=940%2C400&ssl=1&resize=525%2C300 1.5x, https:\/\/i0.wp.com\/domacasemena.com\/wp-content\/uploads\/2021\/03\/solkanski-radic.jpg?fit=940%2C400&ssl=1&resize=700%2C400 2x"},"classes":[]},{"id":1392,"url":"https:\/\/domacasemena.com\/?p=1392","url_meta":{"origin":1362,"position":2},"title":"Pregledujem, pospravljam semena","author":"Doma\u010da Semena","date":"10\/05\/2022","format":false,"excerpt":"Pregledujem, pospravljam semena Vsake toliko \u010dasa pregledam vsa semena. Preverim, da ni kaj splesnelo, da se niso zaredili fi\u017eolarji, graharji ali podobni \u017eu\u017eki. Pri uravnavanju vlage pomaga silikagel. Silica gel, silikagel ali silicijev gel je najpogosteje uporabljen su\u0161ilec: snov, ki v okolju povzro\u010da suhost. Kljub imenu silica gel pravzaprav ni\u2026","rel":"","context":"In &quot;semena&quot;","block_context":{"text":"semena","link":"https:\/\/domacasemena.com\/?cat=19"},"img":{"alt_text":"","src":"https:\/\/i0.wp.com\/domacasemena.com\/wp-content\/uploads\/2022\/05\/Pregledujem-pospravljam-semena.jpg?fit=940%2C788&ssl=1&resize=350%2C200","width":350,"height":200,"srcset":"https:\/\/i0.wp.com\/domacasemena.com\/wp-content\/uploads\/2022\/05\/Pregledujem-pospravljam-semena.jpg?fit=940%2C788&ssl=1&resize=350%2C200 1x, https:\/\/i0.wp.com\/domacasemena.com\/wp-content\/uploads\/2022\/05\/Pregledujem-pospravljam-semena.jpg?fit=940%2C788&ssl=1&resize=525%2C300 1.5x, https:\/\/i0.wp.com\/domacasemena.com\/wp-content\/uploads\/2022\/05\/Pregledujem-pospravljam-semena.jpg?fit=940%2C788&ssl=1&resize=700%2C400 2x"},"classes":[]},{"id":482,"url":"https:\/\/domacasemena.com\/?p=482","url_meta":{"origin":1362,"position":3},"title":"Prvo doma\u010de seme v letu","author":"Doma\u010da Semena","date":"29\/05\/2016","format":false,"excerpt":"\u0160e malo, pa bom pridelala prva leto\u0161nja semena. \u0160e en dan, najve\u010d dva, potem bo treba semena pobrati, \u010de ne se mi ga bo preve\u010d izgubilo. In zmagovalec v tej dirki je motovilec. Kako do semen motovilca? Poglejte zgodbo o motovilcu v Knjigi o pridelavi semen.","rel":"","context":"In &quot;semena&quot;","block_context":{"text":"semena","link":"https:\/\/domacasemena.com\/?cat=19"},"img":{"alt_text":"doma\u010da semena","src":"https:\/\/i0.wp.com\/domacasemena.com\/wp-content\/uploads\/2020\/11\/IMG_7960-scaled.jpg?fit=1200%2C900&ssl=1&resize=350%2C200","width":350,"height":200,"srcset":"https:\/\/i0.wp.com\/domacasemena.com\/wp-content\/uploads\/2020\/11\/IMG_7960-scaled.jpg?fit=1200%2C900&ssl=1&resize=350%2C200 1x, https:\/\/i0.wp.com\/domacasemena.com\/wp-content\/uploads\/2020\/11\/IMG_7960-scaled.jpg?fit=1200%2C900&ssl=1&resize=525%2C300 1.5x, https:\/\/i0.wp.com\/domacasemena.com\/wp-content\/uploads\/2020\/11\/IMG_7960-scaled.jpg?fit=1200%2C900&ssl=1&resize=700%2C400 2x, https:\/\/i0.wp.com\/domacasemena.com\/wp-content\/uploads\/2020\/11\/IMG_7960-scaled.jpg?fit=1200%2C900&ssl=1&resize=1050%2C600 3x"},"classes":[]},{"id":1273,"url":"https:\/\/domacasemena.com\/?p=1273","url_meta":{"origin":1362,"position":4},"title":"Kodrolistni ohrovt","author":"Doma\u010da Semena","date":"14\/08\/2021","format":false,"excerpt":"Kot vedno To je bilo tako, hecno kot vedno. Misim, koliko sem jaz en bumbar. Od svojega ohrovta imam samo doma\u010di ohrovt \u2013 br\u017eote mu mi re\u010demo. To je ohrovt velikan, ki ne naredi neke strnjene glave. Ni hibrid in zato je lahko pridelati semena. Sadim pa vedno tudi glavnati\u2026","rel":"","context":"In &quot;semena&quot;","block_context":{"text":"semena","link":"https:\/\/domacasemena.com\/?cat=19"},"img":{"alt_text":"doma\u010da-semena-kodrolistni-ohrovt","src":"https:\/\/i0.wp.com\/domacasemena.com\/wp-content\/uploads\/2021\/07\/kolaz.jpg?fit=940%2C400&ssl=1&resize=350%2C200","width":350,"height":200,"srcset":"https:\/\/i0.wp.com\/domacasemena.com\/wp-content\/uploads\/2021\/07\/kolaz.jpg?fit=940%2C400&ssl=1&resize=350%2C200 1x, https:\/\/i0.wp.com\/domacasemena.com\/wp-content\/uploads\/2021\/07\/kolaz.jpg?fit=940%2C400&ssl=1&resize=525%2C300 1.5x, https:\/\/i0.wp.com\/domacasemena.com\/wp-content\/uploads\/2021\/07\/kolaz.jpg?fit=940%2C400&ssl=1&resize=700%2C400 2x"},"classes":[]},{"id":1755,"url":"https:\/\/domacasemena.com\/?p=1755","url_meta":{"origin":1362,"position":5},"title":"Ekskluzivno, semena CVETA\u010cE","author":"Doma\u010da Semena","date":"26\/07\/2025","format":false,"excerpt":"Letos sem prvi\u010d pridelala semena cveta\u010de, sorte sne\u017ena kepa. Po pol stoletja vrtnarjenja bi skoraj lahko rekla, da sem opravila mali mojstrski izpit \u2013 ali pa se je le vse poklopilo v naravi, ki o\u010ditno \u0161e vedno najbolje ve, kaj po\u010dne. Kot pri ve\u010dini semen \u2013 narava opravi vse. Jaz\u2026","rel":"","context":"In &quot;semena&quot;","block_context":{"text":"semena","link":"https:\/\/domacasemena.com\/?cat=19"},"img":{"alt_text":"cveta\u010da, semena cveta\u010de","src":"https:\/\/i0.wp.com\/domacasemena.com\/wp-content\/uploads\/2025\/07\/Kopija-izdelka-omaca-semenaa.jpg?fit=940%2C788&ssl=1&resize=350%2C200","width":350,"height":200,"srcset":"https:\/\/i0.wp.com\/domacasemena.com\/wp-content\/uploads\/2025\/07\/Kopija-izdelka-omaca-semenaa.jpg?fit=940%2C788&ssl=1&resize=350%2C200 1x, https:\/\/i0.wp.com\/domacasemena.com\/wp-content\/uploads\/2025\/07\/Kopija-izdelka-omaca-semenaa.jpg?fit=940%2C788&ssl=1&resize=525%2C300 1.5x, https:\/\/i0.wp.com\/domacasemena.com\/wp-content\/uploads\/2025\/07\/Kopija-izdelka-omaca-semenaa.jpg?fit=940%2C788&ssl=1&resize=700%2C400 2x"},"classes":[]}],"jetpack_shortlink":"https:\/\/wp.me\/scxL4t-repa","jetpack_sharing_enabled":true,"jetpack_likes_enabled":true,"_links":{"self":[{"href":"https:\/\/domacasemena.com\/index.php?rest_route=\/wp\/v2\/posts\/1362","targetHints":{"allow":["GET"]}}],"collection":[{"href":"https:\/\/domacasemena.com\/index.php?rest_route=\/wp\/v2\/posts"}],"about":[{"href":"https:\/\/domacasemena.com\/index.php?rest_route=\/wp\/v2\/types\/post"}],"author":[{"embeddable":true,"href":"https:\/\/domacasemena.com\/index.php?rest_route=\/wp\/v2\/users\/1"}],"replies":[{"embeddable":true,"href":"https:\/\/domacasemena.com\/index.php?rest_route=%2Fwp%2Fv2%2Fcomments&post=1362"}],"version-history":[{"count":2,"href":"https:\/\/domacasemena.com\/index.php?rest_route=\/wp\/v2\/posts\/1362\/revisions"}],"predecessor-version":[{"id":1371,"href":"https:\/\/domacasemena.com\/index.php?rest_route=\/wp\/v2\/posts\/1362\/revisions\/1371"}],"wp:featuredmedia":[{"embeddable":true,"href":"https:\/\/domacasemena.com\/index.php?rest_route=\/wp\/v2\/media\/1363"}],"wp:attachment":[{"href":"https:\/\/domacasemena.com\/index.php?rest_route=%2Fwp%2Fv2%2Fmedia&parent=1362"}],"wp:term":[{"taxonomy":"category","embeddable":true,"href":"https:\/\/domacasemena.com\/index.php?rest_route=%2Fwp%2Fv2%2Fcategories&post=1362"},{"taxonomy":"post_tag","embeddable":true,"href":"https:\/\/domacasemena.com\/index.php?rest_route=%2Fwp%2Fv2%2Ftags&post=1362"}],"curies":[{"name":"wp","href":"https:\/\/api.w.org\/{rel}","templated":true}]}}