{"id":1365,"date":"2022-03-23T19:00:00","date_gmt":"2022-03-23T19:00:00","guid":{"rendered":"https:\/\/domacasemena.com\/?p=1365"},"modified":"2022-03-23T10:06:11","modified_gmt":"2022-03-23T10:06:11","slug":"izzvali-ste-me","status":"publish","type":"post","link":"https:\/\/domacasemena.com\/?p=1365","title":{"rendered":"Ne verjamem vam"},"content":{"rendered":"\n<p class=\"has-text-align-justify has-medium-font-size\">Prav izzvali ste me. Pravite, da nimate plevela. Seveda ne, plevela botani\u010dno sploh ne poznamo. Pod besedo plevel smo stla\u010dili vse rastline, ki rastejo po vrtu in njivi, pa jim ne bi bilo treba. Ali te imate? Ne mi re\u010di da ne. Kajti, \u010de vam te ne rasejo, potem ne morejo rasti tudi tiste rastline, ki ste jih tja sejali.<\/p>\n\n\n\n<p class=\"has-text-align-justify has-medium-font-size\">Ne prekopljete, delate \u00bbpravi\u00ab kompost. Prav, ampak semena plevela niso samo v zemlji, lahko priletijo tudi po zraku in strmoglavijo na va\u0161 vrt kot brezpilotni avion v Zagreb. Lahko ga prinesejo vohuni v \u017eivalskih preoblekah. Lahko vam teroristi pri ko\u0161nji zme\u010dejo semena trav in plevelov preko mej. Prav, zaprli ste zra\u010dni prostor kar brez NATA, nimate \u017eivali in nimate sosedov. Potem vam pa verjamem, da vam plevel ne rase.<\/p>\n\n\n\n<p class=\"has-text-align-justify has-medium-font-size\">Jaz imam plevela, kolikor ho\u010de\u0161, \u0161e za izvoz. za to ne bodo zaprli mej, kot za \u017eita. Pravzaprav ga imam preve\u010d in z malo bolj pametnim obdelovanjem bi ga lahko imela manj. Trenutno stanje je pa\u010d tako, da teta, ki pride slu\u010dajno mimo izjavi: \u00bb O, koliko plevela\u00ab. Ga pulim, kar se pa\u010d da. Vsega ne morem uni\u010diti. Tola\u017eim pa se; \u010de raste plevel, potem bo \u0161e kaj drugega. \u010ce pa plevel ne bi rasel, potem je nekaj narobe z zemljo. Samo poglejte, kako narava hitro poskrbi, da zapolni gole zaplate zemlje.<\/p>\n\n\n\n<p class=\"has-text-align-justify has-medium-font-size\">Kupila sem zemljo \u2013 za ro\u017ee \u2013 \u017ee par let nazaj. Hotela sem prihraniti \u010das. V tej zemlji plevel ni rasel, ni pa raslo tudi prav ni\u010d drugega. Pa ne samo, da ni ni\u010d raslo, v njej sem na\u0161la del\u010dke plastike. Od takrat, take zemlje ne kupim ve\u010d. \u010ce pa se le da, zemlje sploh ne kupim. Naberem malo v gozdu, kak\u0161no krtino in doma\u010di kompost. Ja plevel potem rase tudi v cvetli\u010dnih lon\u010dkih.<\/p>\n\n\n\n<p class=\"has-text-align-justify has-medium-font-size\">Smo se razumeli? Ne mi pravit da vam plevel ne rase. Povejte po pravici, da ste ga samo izpulil. Verjetno ga pa res imate manj kot jaz. Delam na tem.<\/p>\n","protected":false},"excerpt":{"rendered":"<p>Prav izzvali ste me. Pravite, da nimate plevela. Seveda ne, plevela botani\u010dno sploh ne poznamo. Pod besedo plevel smo stla\u010dili vse rastline, ki rastejo po vrtu in njivi, pa jim ne bi bilo treba. Ali te imate? Ne mi re\u010di da ne. Kajti, \u010de vam te ne rasejo, potem ne morejo rasti tudi tiste rastline,&#8230;<\/p>\n<p class=\"more-link\"><a href=\"https:\/\/domacasemena.com\/?p=1365\"><span>Read More<\/span><i>&#43;<\/i><\/a><\/p>\n","protected":false},"author":1,"featured_media":1360,"comment_status":"open","ping_status":"open","sticky":false,"template":"","format":"standard","meta":{"_s2mail":"","advanced_seo_description":"","jetpack_seo_html_title":"","jetpack_seo_noindex":false,"jetpack_post_was_ever_published":false,"_jetpack_newsletter_access":"","_jetpack_dont_email_post_to_subs":false,"_jetpack_newsletter_tier_id":0,"_jetpack_memberships_contains_paywalled_content":false,"_jetpack_memberships_contains_paid_content":false,"footnotes":"","jetpack_publicize_message":"","jetpack_publicize_feature_enabled":true,"jetpack_social_post_already_shared":true,"jetpack_social_options":{"image_generator_settings":{"template":"highway","default_image_id":0,"enabled":false},"version":2}},"categories":[24],"tags":[],"class_list":["post-1365","post","type-post","status-publish","format-standard","has-post-thumbnail","hentry","category-vrt"],"jetpack_publicize_connections":[],"jetpack_featured_media_url":"https:\/\/i0.wp.com\/domacasemena.com\/wp-content\/uploads\/2022\/03\/nasejalo-se-je-samo.jpg?fit=945%2C756&ssl=1","jetpack-related-posts":[],"jetpack_shortlink":"https:\/\/wp.me\/pcxL4t-m1","jetpack_sharing_enabled":true,"jetpack_likes_enabled":true,"_links":{"self":[{"href":"https:\/\/domacasemena.com\/index.php?rest_route=\/wp\/v2\/posts\/1365","targetHints":{"allow":["GET"]}}],"collection":[{"href":"https:\/\/domacasemena.com\/index.php?rest_route=\/wp\/v2\/posts"}],"about":[{"href":"https:\/\/domacasemena.com\/index.php?rest_route=\/wp\/v2\/types\/post"}],"author":[{"embeddable":true,"href":"https:\/\/domacasemena.com\/index.php?rest_route=\/wp\/v2\/users\/1"}],"replies":[{"embeddable":true,"href":"https:\/\/domacasemena.com\/index.php?rest_route=%2Fwp%2Fv2%2Fcomments&post=1365"}],"version-history":[{"count":3,"href":"https:\/\/domacasemena.com\/index.php?rest_route=\/wp\/v2\/posts\/1365\/revisions"}],"predecessor-version":[{"id":1373,"href":"https:\/\/domacasemena.com\/index.php?rest_route=\/wp\/v2\/posts\/1365\/revisions\/1373"}],"wp:featuredmedia":[{"embeddable":true,"href":"https:\/\/domacasemena.com\/index.php?rest_route=\/wp\/v2\/media\/1360"}],"wp:attachment":[{"href":"https:\/\/domacasemena.com\/index.php?rest_route=%2Fwp%2Fv2%2Fmedia&parent=1365"}],"wp:term":[{"taxonomy":"category","embeddable":true,"href":"https:\/\/domacasemena.com\/index.php?rest_route=%2Fwp%2Fv2%2Fcategories&post=1365"},{"taxonomy":"post_tag","embeddable":true,"href":"https:\/\/domacasemena.com\/index.php?rest_route=%2Fwp%2Fv2%2Ftags&post=1365"}],"curies":[{"name":"wp","href":"https:\/\/api.w.org\/{rel}","templated":true}]}}