{"id":1612,"date":"2023-10-31T06:20:18","date_gmt":"2023-10-31T06:20:18","guid":{"rendered":"https:\/\/domacasemena.com\/?p=1612"},"modified":"2023-10-25T06:30:53","modified_gmt":"2023-10-25T06:30:53","slug":"crna-redkev","status":"publish","type":"post","link":"https:\/\/domacasemena.com\/?p=1612","title":{"rendered":"\u010crna redkev"},"content":{"rendered":"\n<p class=\"has-text-align-center has-large-font-size wp-block-paragraph\">\u010crna redkev in umetna inteligenca<\/p>\n\n\n\n<figure class=\"wp-block-image size-large\"><img data-recalc-dims=\"1\" loading=\"lazy\" decoding=\"async\" width=\"768\" height=\"1024\" data-attachment-id=\"1611\" data-permalink=\"https:\/\/domacasemena.com\/?attachment_id=1611#main\" data-orig-file=\"https:\/\/i0.wp.com\/domacasemena.com\/wp-content\/uploads\/2023\/10\/20230929_071730-scaled.jpg?fit=1920%2C2560&amp;ssl=1\" data-orig-size=\"1920,2560\" data-comments-opened=\"1\" data-image-meta=\"{&quot;aperture&quot;:&quot;1.8&quot;,&quot;credit&quot;:&quot;&quot;,&quot;camera&quot;:&quot;SM-A336B&quot;,&quot;caption&quot;:&quot;&quot;,&quot;created_timestamp&quot;:&quot;1695971850&quot;,&quot;copyright&quot;:&quot;&quot;,&quot;focal_length&quot;:&quot;4.65&quot;,&quot;iso&quot;:&quot;320&quot;,&quot;shutter_speed&quot;:&quot;0.03030303030303&quot;,&quot;title&quot;:&quot;&quot;,&quot;orientation&quot;:&quot;1&quot;}\" data-image-title=\"\u010drna redkev\" data-image-description=\"\" data-image-caption=\"\" data-large-file=\"https:\/\/i0.wp.com\/domacasemena.com\/wp-content\/uploads\/2023\/10\/20230929_071730-scaled.jpg?fit=768%2C1024&amp;ssl=1\" src=\"https:\/\/i0.wp.com\/domacasemena.com\/wp-content\/uploads\/2023\/10\/20230929_071730.jpg?resize=768%2C1024&#038;ssl=1\" alt=\"\" class=\"wp-image-1611\" srcset=\"https:\/\/i0.wp.com\/domacasemena.com\/wp-content\/uploads\/2023\/10\/20230929_071730-scaled.jpg?resize=768%2C1024&amp;ssl=1 768w, https:\/\/i0.wp.com\/domacasemena.com\/wp-content\/uploads\/2023\/10\/20230929_071730-scaled.jpg?resize=225%2C300&amp;ssl=1 225w, https:\/\/i0.wp.com\/domacasemena.com\/wp-content\/uploads\/2023\/10\/20230929_071730-scaled.jpg?resize=113%2C150&amp;ssl=1 113w, https:\/\/i0.wp.com\/domacasemena.com\/wp-content\/uploads\/2023\/10\/20230929_071730-scaled.jpg?resize=1152%2C1536&amp;ssl=1 1152w, https:\/\/i0.wp.com\/domacasemena.com\/wp-content\/uploads\/2023\/10\/20230929_071730-scaled.jpg?resize=1536%2C2048&amp;ssl=1 1536w, https:\/\/i0.wp.com\/domacasemena.com\/wp-content\/uploads\/2023\/10\/20230929_071730-scaled.jpg?resize=600%2C800&amp;ssl=1 600w, https:\/\/i0.wp.com\/domacasemena.com\/wp-content\/uploads\/2023\/10\/20230929_071730-scaled.jpg?w=1920&amp;ssl=1 1920w\" sizes=\"auto, (max-width: 768px) 100vw, 768px\" \/><\/figure>\n\n\n\n<p class=\"has-medium-font-size wp-block-paragraph\">Kaj bi pa te dve stvari lahko imeli skupnega? Prav ni\u010d, samo meni se dela tema, pa ne zato, ker je ta redkev \u010drna. Ja, moj problem.<\/p>\n\n\n\n<p class=\"has-text-align-justify has-medium-font-size wp-block-paragraph\">Z imenom inteligenca smo ga udarili \u010disto mimo. Kar ta ma\u0161ina dela nima nobene veze z inteligenco. Ne dela drugega, kot da brodi po greznici \u010dlove\u0161ke neumnosti, kot med drugim po tem pisanju. Iz vseh teh neumnosti ne mora nastati nekaj unikatnega, pametnega ali celo inteligentnega.<\/p>\n\n\n\n<p class=\"has-text-align-justify has-medium-font-size wp-block-paragraph\">Ja, se ga da tudi koristno uporabiti, ampak na tej to\u010dki ne bi ve\u010d izgubljala besed, ker smo kjer smo in ker se uporaba umetne inteligence, ki ni inteligenca \u0161iri v vse pore na\u0161ega delovanja. No v glavnem, \u010de ga uporablja \u017ee vsak trot, ga bom pa \u0161e jaz. Vpra\u0161ala sem ga kaj ve o \u010drni redkvi in potem mi je na\u0161tepal naslednje splo\u0161ne podatke, v nadaljevanju (dobesedno).<\/p>\n\n\n\n<p class=\"has-vivid-green-cyan-color has-text-color has-medium-font-size wp-block-paragraph\">\u010crna redkev je priljubljena vrtnina, ki jo lahko gojite doma. Tukaj je nekaj informacij o \u010drni redkvi, vklju\u010dno z vzgojo, uporabo in semenom:<\/p>\n\n\n\n<p class=\"has-text-align-justify has-vivid-green-cyan-color has-text-color has-medium-font-size wp-block-paragraph\">Vzgoja \u010drne redkve: \u010crna redkev je enostavno gojiti in jo lahko gojite v vrtu ali v lon\u010dkih na balkonu. Najbolje uspeva v zmerno hladnih in vla\u017enih podnebjih, zato je spomladansko in jesensko obdobje idealno za sajenje. Semena \u010drne redkve se sejejo neposredno v tla pribli\u017eno 1-2 cm globoko. Razmik med rastlinami naj bo pribli\u017eno 2-5 cm, odvisno od sorte. Rastline potrebujejo dobro drena\u017eo in enakomerno zalivanje. Pazite, da tla ne izsu\u0161ijo preve\u010d ali postanejo premo\u010dna. Po pribli\u017eno 3-4 tednih lahko \u017ee obiramo \u010drne redkve. Mlade redkve so bolj ne\u017ene in okusne.<\/p>\n\n\n\n<p class=\"has-text-align-justify has-vivid-green-cyan-color has-text-color has-medium-font-size wp-block-paragraph\">Uporaba \u010drne redkve: \u010crna redkev se pogosto uporablja v solatah, prigrizkih in kot priloga k razli\u010dnim jedem. Njena \u010drna ko\u017ea ima pikanten okus, medtem ko je notranjost redkve so\u010dna in hrustljava.<\/p>\n\n\n\n<p class=\"has-text-align-justify has-vivid-green-cyan-color has-text-color has-medium-font-size wp-block-paragraph\">Lahko jo nare\u017eete na tanke kolobarje, kocke ali pa jo naribate. Uporablja se tudi v azijskih kuhinjah za pripravo razli\u010dnih jedi.<\/p>\n\n\n\n<p class=\"has-text-align-justify has-vivid-green-cyan-color has-text-color has-medium-font-size wp-block-paragraph\">Semena \u010drne redkve: Semena \u010drne redkve so na voljo v vrtnih trgovinah in prek spleta. Ko izbirate semena, pazite na sorto, ki vam najbolj ustreza. Obstajajo razli\u010dne sorte \u010drne redkve, ki se razlikujejo po velikosti, obliki in okusu. Semena \u010drne redkve so majhna in se enostavno sejejo neposredno v zemljo. Pri gojenju \u010drne redkve je pomembno zagotoviti ustrezne pogoje za rast, kot so primerna temperatura, zalivanje in gnojenje. Prav tako je pomembno upo\u0161tevati navodila na embala\u017ei semen, saj se lahko zahteve glede sajenja in nege razlikujejo glede na sorto.<\/p>\n\n\n\n<p class=\"has-medium-font-size wp-block-paragraph\">No potem sem ga vpra\u0161ala, kaj ve o zdravilnih lastnostih \u010drne redkve. Odgovarja:<\/p>\n\n\n\n<p class=\"has-text-align-justify has-vivid-green-cyan-color has-text-color has-medium-font-size wp-block-paragraph\">\u010crna redkev ima zdravilne lastnosti in se tradicionalno uporablja v nekaterih ljudskih receptih za laj\u0161anje simptomov prehlada, ka\u0161lja in drugih zdravstvenih te\u017eav. Nekateri koristni vidiki uporabe \u010drne redkve za zdravje vklju\u010dujejo:<\/p>\n\n\n\n<p class=\"has-text-align-justify has-vivid-green-cyan-color has-text-color has-medium-font-size wp-block-paragraph\">Ka\u0161elj in prehlad: Sok iz \u010drne redkve se lahko uporablja za laj\u0161anje ka\u0161lja. Da bi pripravili ka\u0161eljno zdravilo, lahko izre\u017eete vrh \u010drne redkve, nato pa izdolbite sredino in vanjo dodate med. Pustite, da stoji nekaj ur ali \u010dez no\u010d, da nastane sirup. To naravno zdravilo naj bi pomagalo zmanj\u0161ati ka\u0161elj in razred\u010dilo sluz.<\/p>\n\n\n\n<p class=\"has-text-align-justify has-vivid-green-cyan-color has-text-color has-medium-font-size wp-block-paragraph\">Zdravje dihal: \u010crna redkev vsebuje fitokemikalije, ki naj bi pomagale pri laj\u0161anju te\u017eav z dihalnim traktom. Redno u\u017eivanje \u010drne redkve v prehrani lahko pomaga krepiti dihalne poti.<\/p>\n\n\n\n<p class=\"has-text-align-justify has-vivid-green-cyan-color has-text-color has-medium-font-size wp-block-paragraph\">Prebavno zdravje: \u010crna redkev vsebuje prehranske vlaknine, ki so koristne za prebavo. Lahko pomaga pri laj\u0161anju zaprtja.<\/p>\n\n\n\n<p class=\"has-text-align-justify has-vivid-green-cyan-color has-text-color has-medium-font-size wp-block-paragraph\">Antioksidanti: Ta korenovka vsebuje antioksidante, ki pomagajo pri boju proti prostim radikalom in oksidativnemu stresu v telesu.<\/p>\n\n\n\n<p class=\"has-text-align-justify has-vivid-green-cyan-color has-text-color has-medium-font-size wp-block-paragraph\">Kljub koristim \u010drne redkve je pomembno, da jo uporabljate previdno. Nekateri ljudje so lahko ob\u010dutljivi na u\u017eivanje surove \u010drne redkve in imajo lahko prebavne te\u017eave. Zato je dobro posvetovati se z zdravnikom ali strokovnjakom za zdravje, preden za\u010dnete uporabljati \u010drno redkev ali katere koli druge naravne pripravke za zdravljenje zdravstvenih te\u017eav.<\/p>\n\n\n\n<p class=\"has-text-align-justify has-vivid-green-cyan-color has-text-color has-medium-font-size wp-block-paragraph\">Poleg tega \u010drna redkev ne sme nadomestiti zdravljenja, ki ga je predpisal zdravnik, in je bolje razumeti, da je ve\u010dina uporabe \u010drne redkve za zdravje temelji na tradicionalnih zdravilnih metodah in ni nadomestilo za uradno medicinsko oskrbo.<\/p>\n\n\n\n<p class=\"has-text-align-justify has-medium-font-size wp-block-paragraph\">Ok, splo\u0161ne zadeve. Ni\u010d novega ne more povedati. Za to z medom lahko potrdim da je star in preizku\u0161en recept in deluje.<\/p>\n\n\n\n<p class=\"has-text-align-justify has-medium-font-size wp-block-paragraph\">Naslednje moje vpra\u0161anje pa je bilo glede pridelave semen \u010drne redkve. Tega kar mi je odgovoril pa vam ne bom ponavljala, ker mi je na\u0161tel nekaj splo\u0161nih neuporabnih pravil. Iz napisnega se da razbrati, da ni na\u0161el konkretne informacije kako do semen \u010drne redkve, razen da je treba iti v trgovino in semena kupiti. No pa smo pri to\u010dki, zakaj se meni tema dela.<\/p>\n\n\n\n<p class=\"has-text-align-justify has-medium-font-size wp-block-paragraph\">Ne bom niti razlagala, razmislite sami, kaj bi to utegnilo pomeniti. Glede semen vam bom povedala ve\u010d enkrat drugi\u010d.<\/p>\n\n\n\n<p class=\"has-text-align-justify has-medium-font-size wp-block-paragraph\">\u010ce gremo naprej, zanimale so me \u0161e zanimivosti vezane na \u010drno redkev. Zdaj ko tole berem, pravzaprav je zanimivo samo to:<\/p>\n\n\n\n<p class=\"has-text-align-justify has-vivid-green-cyan-color has-text-color has-medium-font-size wp-block-paragraph\">Obrezovanje listov: \u010ce \u017eelite, da so listi \u010drne redkve bolj ne\u017eni in u\u017eitni, lahko obrezujete dele listov, ki so po\u0161kodovani ali preve\u010d vlaknasti.<\/p>\n\n\n\n<p class=\"has-text-align-justify has-medium-font-size wp-block-paragraph\">No na koncu sem vpra\u0161ala \u0161e za recepte. Za ta del je pa zadeva uporabna. Ne bom jih prepisovala. Preizkusila sem samo enega in sicer to omako za testenine. Se da pojesti.<\/p>\n\n\n\n<p class=\"has-medium-font-size wp-block-paragraph\">Sestavine:<\/p>\n\n\n\n<ul class=\"wp-block-list\">\n<li>2 \u010drni redkvi, narezani na tanke trakove<\/li>\n<\/ul>\n\n\n\n<ul class=\"wp-block-list\">\n<li>2 stroka \u010desna, nasekljana<\/li>\n<\/ul>\n\n\n\n<ul class=\"wp-block-list\">\n<li>2 \u017elici olj\u010dnega olja<\/li>\n<\/ul>\n\n\n\n<ul class=\"wp-block-list\">\n<li>Sol, poper in nariban parmezan po okusu<\/li>\n<\/ul>\n\n\n\n<p class=\"has-text-align-justify has-medium-font-size wp-block-paragraph\">Navodila: V ponvi segrejte olj\u010dno olje in prepra\u017eite nasekljan \u010desen. Dodajte narezane \u010drne redkve in kuhajte nekaj minut, dokler se zmeh\u010dajo. Omako zme\u0161ajte s kuhanimi testeninami, za\u010dinite s soljo, poprom in potresite s parmezanom.<\/p>\n\n\n\n<p class=\"has-text-align-justify has-medium-font-size wp-block-paragraph\">Druga\u010de pa je dobra pe\u010dena v pe\u010dici ali pa v me\u0161anici z vso ostalo pe\u010deno zelenjavo. Ima bolj blag okus kot navadna repa. Meni je kar v\u0161e\u010d. \u010crna redkev namre\u010d.<\/p>\n\n\n\n<p class=\"has-medium-font-size wp-block-paragraph\">Kot re\u010deno, moje izku\u0161nje glede pridelave, predelave in semen pa enkrat drugi\u010d.<\/p>\n","protected":false},"excerpt":{"rendered":"<p>\u010crna redkev in umetna inteligenca Kaj bi pa te dve stvari lahko imeli skupnega? Prav ni\u010d, samo meni se dela tema, pa ne zato, ker je ta redkev \u010drna. Ja, moj problem. Z imenom inteligenca smo ga udarili \u010disto mimo. Kar ta ma\u0161ina dela nima nobene veze z inteligenco. Ne dela drugega, kot da brodi&#8230;<\/p>\n<p class=\"more-link\"><a href=\"https:\/\/domacasemena.com\/?p=1612\"><span>Read More<\/span><i>&#43;<\/i><\/a><\/p>\n","protected":false},"author":1,"featured_media":1611,"comment_status":"open","ping_status":"open","sticky":false,"template":"","format":"standard","meta":{"_s2mail":"yes","advanced_seo_description":"","jetpack_seo_html_title":"","jetpack_seo_noindex":false,"_jetpack_newsletter_access":"","_jetpack_dont_email_post_to_subs":false,"_jetpack_newsletter_tier_id":0,"_jetpack_memberships_contains_paywalled_content":false,"_jetpack_feature_clip_id":0,"_jetpack_memberships_contains_paid_content":false,"footnotes":"","jetpack_publicize_message":"","jetpack_publicize_feature_enabled":false,"jetpack_social_post_already_shared":true,"jetpack_social_options":{"image_generator_settings":{"template":"highway","default_image_id":0,"font":"","enabled":false},"version":2},"jetpack_post_was_ever_published":false},"categories":[1],"tags":[],"class_list":["post-1612","post","type-post","status-publish","format-standard","has-post-thumbnail","hentry","category-zgodbe"],"jetpack_publicize_connections":[],"jetpack_featured_media_url":"https:\/\/i0.wp.com\/domacasemena.com\/wp-content\/uploads\/2023\/10\/20230929_071730-scaled.jpg?fit=1920%2C2560&ssl=1","jetpack-related-posts":[{"id":1686,"url":"https:\/\/domacasemena.com\/?p=1686","url_meta":{"origin":1612,"position":0},"title":"Novemu letu","author":"Doma\u010da Semena","date":"08\/01\/2025","format":false,"excerpt":"Staro leto \u010dau, novo leto \u017eivijo. In zdaj kaj? Stara navada, \u017eelezna srajca in gremo dalje. Pregled starega leta in hiter pogled naprej na vojna \u017eari\u0161\u010da, svetovne spremembe, pri\u010dakovanje Trumpovega ustoli\u010denje. Ampak ne bi od politike. Po\u010dasi imam dovolj novih za\u010detkov, zato novega leta ne praznujem. Zimski solsticij je pravi\u2026","rel":"","context":"In &quot;vrt&quot;","block_context":{"text":"vrt","link":"https:\/\/domacasemena.com\/?cat=24"},"img":{"alt_text":"","src":"https:\/\/i0.wp.com\/domacasemena.com\/wp-content\/uploads\/2020\/12\/cropped-cropped-cropped-soncnicno-seme-2.jpg?fit=512%2C512&ssl=1&resize=350%2C200","width":350,"height":200},"classes":[]},{"id":1597,"url":"https:\/\/domacasemena.com\/?p=1597","url_meta":{"origin":1612,"position":1},"title":"A\u010do\u010da (achocha) , Cyclanthera pedata, inkovska kumara","author":"Doma\u010da Semena","date":"08\/10\/2023","format":false,"excerpt":"Ena bolj uporabnih rastlin zadnje \u010dase, ki sem jo kar tako posejala. Semena sem verjetno, tako kot vsi vi ostali dobila od sodelavke. Ker je tudi zrasla, ni bilo druge, da sem jo \u0161e posadila na polju. Ker je rast bujna je bila \u017ei\u010dnata ograja kar primeren prostor zanjo. V\u2026","rel":"","context":"In &quot;semena&quot;","block_context":{"text":"semena","link":"https:\/\/domacasemena.com\/?cat=19"},"img":{"alt_text":"","src":"https:\/\/i0.wp.com\/domacasemena.com\/wp-content\/uploads\/2023\/10\/omaca-semenaa.jpg?fit=940%2C788&ssl=1&resize=350%2C200","width":350,"height":200,"srcset":"https:\/\/i0.wp.com\/domacasemena.com\/wp-content\/uploads\/2023\/10\/omaca-semenaa.jpg?fit=940%2C788&ssl=1&resize=350%2C200 1x, https:\/\/i0.wp.com\/domacasemena.com\/wp-content\/uploads\/2023\/10\/omaca-semenaa.jpg?fit=940%2C788&ssl=1&resize=525%2C300 1.5x, https:\/\/i0.wp.com\/domacasemena.com\/wp-content\/uploads\/2023\/10\/omaca-semenaa.jpg?fit=940%2C788&ssl=1&resize=700%2C400 2x"},"classes":[]},{"id":1788,"url":"https:\/\/domacasemena.com\/?p=1788","url_meta":{"origin":1612,"position":2},"title":"Kaj bomo jedli 2050","author":"Doma\u010da Semena","date":"25\/06\/2026","format":false,"excerpt":"Jaz nebe\u0161ko mano, \u010de slu\u010dajno ne, pa zelje in krompir. Kaj pa vi? \u010ce verjamete napovedi chat gpt potem bo takrat na jedilniku: Laboratorijsko meso: meso, ki ga gojijo iz \u017eivalskih celic, brez klasi\u010dne reje \u017eivali. Okus naj bi bil zelo podoben \u201cpravemu\u201d mesu, ampak z manj vpliva na okolje.\u2026","rel":"","context":"In &quot;Zgodbe&quot;","block_context":{"text":"Zgodbe","link":"https:\/\/domacasemena.com\/?cat=1"},"img":{"alt_text":"doma\u010da-solata","src":"https:\/\/i0.wp.com\/domacasemena.com\/wp-content\/uploads\/2021\/01\/solata.jpg?fit=1200%2C960&ssl=1&resize=350%2C200","width":350,"height":200,"srcset":"https:\/\/i0.wp.com\/domacasemena.com\/wp-content\/uploads\/2021\/01\/solata.jpg?fit=1200%2C960&ssl=1&resize=350%2C200 1x, https:\/\/i0.wp.com\/domacasemena.com\/wp-content\/uploads\/2021\/01\/solata.jpg?fit=1200%2C960&ssl=1&resize=525%2C300 1.5x, https:\/\/i0.wp.com\/domacasemena.com\/wp-content\/uploads\/2021\/01\/solata.jpg?fit=1200%2C960&ssl=1&resize=700%2C400 2x, https:\/\/i0.wp.com\/domacasemena.com\/wp-content\/uploads\/2021\/01\/solata.jpg?fit=1200%2C960&ssl=1&resize=1050%2C600 3x"},"classes":[]},{"id":1376,"url":"https:\/\/domacasemena.com\/?p=1376","url_meta":{"origin":1612,"position":3},"title":"Gnoj za revne?","author":"Doma\u010da Semena","date":"06\/04\/2022","format":false,"excerpt":"Zdaj, ko ravno sne\u017ei \u2013 v aprilu, sem se spomnila, da so pri nas temu snegu vedno rekli gnoj za revne. Nikoli mi ni bilo \u010disto jasno zakaj. Razmi\u0161ljam: Gnoj o\u010ditno je bil in je bogastvo. Zakaj? Za gnojenje vrtov in njiv, za bolj\u0161e pridelke. Iz tega sledi: hrana je\u2026","rel":"","context":"In &quot;Zgodbe&quot;","block_context":{"text":"Zgodbe","link":"https:\/\/domacasemena.com\/?cat=1"},"img":{"alt_text":"","src":"https:\/\/i0.wp.com\/domacasemena.com\/wp-content\/uploads\/2022\/04\/sneg.jpg?fit=945%2C756&ssl=1&resize=350%2C200","width":350,"height":200,"srcset":"https:\/\/i0.wp.com\/domacasemena.com\/wp-content\/uploads\/2022\/04\/sneg.jpg?fit=945%2C756&ssl=1&resize=350%2C200 1x, https:\/\/i0.wp.com\/domacasemena.com\/wp-content\/uploads\/2022\/04\/sneg.jpg?fit=945%2C756&ssl=1&resize=525%2C300 1.5x, https:\/\/i0.wp.com\/domacasemena.com\/wp-content\/uploads\/2022\/04\/sneg.jpg?fit=945%2C756&ssl=1&resize=700%2C400 2x"},"classes":[]},{"id":633,"url":"https:\/\/domacasemena.com\/?p=633","url_meta":{"origin":1612,"position":4},"title":"Hibridna semena","author":"Doma\u010da Semena","date":"07\/12\/2020","format":false,"excerpt":"Ne maram hibridov. Gledano z vidika pridelave in shranjevanja semen, niso uporabni. Lepo zapakirana vsebina z krasno naslovnico, znotraj kdo ve. Ne bodo vam takoj pokazali svojega pravega obraza, \u0161ele, ko je \u010das za pobiranje sadov dela. Energije v takih rastlinah niso dobre. Prav tako takim rastlinam pravijo, da so\u2026","rel":"","context":"In &quot;semena&quot;","block_context":{"text":"semena","link":"https:\/\/domacasemena.com\/?cat=19"},"img":{"alt_text":"hibridna-semena","src":"https:\/\/i0.wp.com\/domacasemena.com\/wp-content\/uploads\/2020\/12\/IMG_20180329_151859-2-scaled.jpg?fit=1200%2C514&ssl=1&resize=350%2C200","width":350,"height":200,"srcset":"https:\/\/i0.wp.com\/domacasemena.com\/wp-content\/uploads\/2020\/12\/IMG_20180329_151859-2-scaled.jpg?fit=1200%2C514&ssl=1&resize=350%2C200 1x, https:\/\/i0.wp.com\/domacasemena.com\/wp-content\/uploads\/2020\/12\/IMG_20180329_151859-2-scaled.jpg?fit=1200%2C514&ssl=1&resize=525%2C300 1.5x, https:\/\/i0.wp.com\/domacasemena.com\/wp-content\/uploads\/2020\/12\/IMG_20180329_151859-2-scaled.jpg?fit=1200%2C514&ssl=1&resize=700%2C400 2x, https:\/\/i0.wp.com\/domacasemena.com\/wp-content\/uploads\/2020\/12\/IMG_20180329_151859-2-scaled.jpg?fit=1200%2C514&ssl=1&resize=1050%2C600 3x"},"classes":[]},{"id":624,"url":"https:\/\/domacasemena.com\/?p=624","url_meta":{"origin":1612,"position":5},"title":"Vinska rutica","author":"Doma\u010da Semena","date":"27\/04\/2021","format":false,"excerpt":"Prvi\u010d sem jo videla in potem sem jo kar naprej gledala v sosedovem vrtu. Od kar pomnim je bila tam. Ta moj stari sosed je imel majhen vrti\u010dek, v njem pa polno raznih zeli. Sedaj skrbi za vrti\u010dek njegov sin ampak nobenega od njiju nisem videla, da bi vinsko rutico\u2026","rel":"","context":"In &quot;zeli\u0161\u010da&quot;","block_context":{"text":"zeli\u0161\u010da","link":"https:\/\/domacasemena.com\/?cat=20"},"img":{"alt_text":"vinska-rutica","src":"https:\/\/i0.wp.com\/domacasemena.com\/wp-content\/uploads\/2020\/12\/vinska-rutica.jpg?fit=922%2C427&ssl=1&resize=350%2C200","width":350,"height":200,"srcset":"https:\/\/i0.wp.com\/domacasemena.com\/wp-content\/uploads\/2020\/12\/vinska-rutica.jpg?fit=922%2C427&ssl=1&resize=350%2C200 1x, https:\/\/i0.wp.com\/domacasemena.com\/wp-content\/uploads\/2020\/12\/vinska-rutica.jpg?fit=922%2C427&ssl=1&resize=525%2C300 1.5x, https:\/\/i0.wp.com\/domacasemena.com\/wp-content\/uploads\/2020\/12\/vinska-rutica.jpg?fit=922%2C427&ssl=1&resize=700%2C400 2x"},"classes":[]}],"jetpack_shortlink":"https:\/\/wp.me\/pcxL4t-q0","jetpack_sharing_enabled":true,"jetpack_likes_enabled":true,"_links":{"self":[{"href":"https:\/\/domacasemena.com\/index.php?rest_route=\/wp\/v2\/posts\/1612","targetHints":{"allow":["GET"]}}],"collection":[{"href":"https:\/\/domacasemena.com\/index.php?rest_route=\/wp\/v2\/posts"}],"about":[{"href":"https:\/\/domacasemena.com\/index.php?rest_route=\/wp\/v2\/types\/post"}],"author":[{"embeddable":true,"href":"https:\/\/domacasemena.com\/index.php?rest_route=\/wp\/v2\/users\/1"}],"replies":[{"embeddable":true,"href":"https:\/\/domacasemena.com\/index.php?rest_route=%2Fwp%2Fv2%2Fcomments&post=1612"}],"version-history":[{"count":3,"href":"https:\/\/domacasemena.com\/index.php?rest_route=\/wp\/v2\/posts\/1612\/revisions"}],"predecessor-version":[{"id":1615,"href":"https:\/\/domacasemena.com\/index.php?rest_route=\/wp\/v2\/posts\/1612\/revisions\/1615"}],"wp:attachment":[{"href":"https:\/\/domacasemena.com\/index.php?rest_route=%2Fwp%2Fv2%2Fmedia&parent=1612"}],"wp:term":[{"taxonomy":"category","embeddable":true,"href":"https:\/\/domacasemena.com\/index.php?rest_route=%2Fwp%2Fv2%2Fcategories&post=1612"},{"taxonomy":"post_tag","embeddable":true,"href":"https:\/\/domacasemena.com\/index.php?rest_route=%2Fwp%2Fv2%2Ftags&post=1612"}],"curies":[{"name":"wp","href":"https:\/\/api.w.org\/{rel}","templated":true}]}}