{"id":383,"date":"2016-08-30T13:02:00","date_gmt":"2016-08-30T13:02:00","guid":{"rendered":"https:\/\/domacasemena.com\/?p=383"},"modified":"2021-01-04T21:35:44","modified_gmt":"2021-01-04T21:35:44","slug":"cebulcek","status":"publish","type":"post","link":"https:\/\/domacasemena.com\/?p=383","title":{"rendered":"Doma\u010di \u010debul\u010dek"},"content":{"rendered":"\n<div class=\"wp-block-media-text alignwide is-stacked-on-mobile is-vertically-aligned-top has-black-color has-text-color has-white-background-color has-background\"><figure class=\"wp-block-media-text__media\"><img data-recalc-dims=\"1\" loading=\"lazy\" decoding=\"async\" width=\"1024\" height=\"819\" data-attachment-id=\"1099\" data-permalink=\"https:\/\/domacasemena.com\/?attachment_id=1099#main\" data-orig-file=\"https:\/\/i0.wp.com\/domacasemena.com\/wp-content\/uploads\/2021\/01\/ebulcek.jpg?fit=2000%2C1600&amp;ssl=1\" data-orig-size=\"2000,1600\" data-comments-opened=\"1\" data-image-meta=\"{&quot;aperture&quot;:&quot;0&quot;,&quot;credit&quot;:&quot;&quot;,&quot;camera&quot;:&quot;&quot;,&quot;caption&quot;:&quot;&quot;,&quot;created_timestamp&quot;:&quot;0&quot;,&quot;copyright&quot;:&quot;&quot;,&quot;focal_length&quot;:&quot;0&quot;,&quot;iso&quot;:&quot;0&quot;,&quot;shutter_speed&quot;:&quot;0&quot;,&quot;title&quot;:&quot;&quot;,&quot;orientation&quot;:&quot;1&quot;}\" data-image-title=\"doma\u010di \u010debul\u010dekebul\u010dek\" data-image-description=\"&lt;p&gt;doma\u010di \u010debul\u010dek&lt;\/p&gt;\n\" data-image-caption=\"\" data-large-file=\"https:\/\/i0.wp.com\/domacasemena.com\/wp-content\/uploads\/2021\/01\/ebulcek.jpg?fit=1024%2C819&amp;ssl=1\" src=\"https:\/\/i0.wp.com\/domacasemena.com\/wp-content\/uploads\/2021\/01\/ebulcek.jpg?resize=1024%2C819&#038;ssl=1\" alt=\"\" class=\"wp-image-1099 size-full\" srcset=\"https:\/\/i0.wp.com\/domacasemena.com\/wp-content\/uploads\/2021\/01\/ebulcek.jpg?resize=1024%2C819&amp;ssl=1 1024w, https:\/\/i0.wp.com\/domacasemena.com\/wp-content\/uploads\/2021\/01\/ebulcek.jpg?resize=300%2C240&amp;ssl=1 300w, https:\/\/i0.wp.com\/domacasemena.com\/wp-content\/uploads\/2021\/01\/ebulcek.jpg?resize=768%2C614&amp;ssl=1 768w, https:\/\/i0.wp.com\/domacasemena.com\/wp-content\/uploads\/2021\/01\/ebulcek.jpg?resize=1536%2C1229&amp;ssl=1 1536w, https:\/\/i0.wp.com\/domacasemena.com\/wp-content\/uploads\/2021\/01\/ebulcek.jpg?resize=600%2C480&amp;ssl=1 600w, https:\/\/i0.wp.com\/domacasemena.com\/wp-content\/uploads\/2021\/01\/ebulcek.jpg?w=2000&amp;ssl=1 2000w\" sizes=\"auto, (max-width: 1024px) 100vw, 1024px\" \/><\/figure><div class=\"wp-block-media-text__content\">\n<p class=\"has-text-align-justify has-black-color has-text-color has-medium-font-size wp-block-paragraph\">To ti je bila zanimiva \u0161torija, kako sem za\u010dela pridelovati \u010debul\u010dek, ampak ne bi zdaj o tem. Vse je bilo \u017ee napisano v Zgodbi o \u010debuli. Zgodbo najdete v Knjigi o semenih.<\/p>\n\n\n\n<p class=\"has-text-align-justify has-medium-font-size wp-block-paragraph\">\u010ci\u0161\u010denje \u010debul\u010dka, to pa je za po\u010divanje glave. \u0160koda, da ga je \u017ee zmanjkalo. Jaz bi \u0161e.<\/p>\n\n\n\n<p class=\"has-text-align-justify has-medium-font-size wp-block-paragraph\">Letos sem pridelala lep \u010debul\u010dek in \u0161e pravi je. \u017de se mi je zgodilo, da sem sejala eno sorto, pridelala pa drugo. Kdo je \u017ee rekel: \u00bbKar seje\u0161, to \u017eanje\u0161.\u00ab In res, to vedno dr\u017ei. Seme, ki sem ga sejala se mi je predhodno skri\u017ealo z drugo sorto. Tega pa ni bilo videti, dokler nisem pobrala \u010debul\u010dka. Ni\u010d hudega, posadila sem ga ravno tako.<\/p>\n\n\n\n<p class=\"has-medium-font-size wp-block-paragraph\">Letos pa se je iz\u0161lo vse po na\u010drtu.<\/p>\n<\/div><\/div>\n\n\n\n<p class=\"has-text-align-justify has-normal-font-size wp-block-paragraph\"><\/p>\n","protected":false},"excerpt":{"rendered":"<p>Letos sem pridelala lep \u010debul\u010dek in \u0161e pravi je. \u017de se mi je zgodilo, da sem sejala eno sorto, pridelala pa drugo. Kdo je \u017ee rekel: \u00bbKar seje\u0161, to \u017eanje\u0161.\u00ab In res, to vedno dr\u017ei. Seme, ki sem ga sejala se mi je predhodno skri\u017ealo z drugo sorto. Tega pa ni bilo videti, dokler nisem pobrala \u010debul\u010dka. <\/p>\n","protected":false},"author":1,"featured_media":1099,"comment_status":"open","ping_status":"open","sticky":false,"template":"","format":"standard","meta":{"_s2mail":"","advanced_seo_description":"","jetpack_seo_html_title":"","jetpack_seo_noindex":false,"_jetpack_newsletter_access":"","_jetpack_dont_email_post_to_subs":false,"_jetpack_newsletter_tier_id":0,"_jetpack_memberships_contains_paywalled_content":false,"_jetpack_feature_clip_id":0,"_jetpack_memberships_contains_paid_content":false,"footnotes":"","jetpack_publicize_message":"","jetpack_publicize_feature_enabled":true,"jetpack_social_post_already_shared":true,"jetpack_social_options":{"image_generator_settings":{"template":"highway","default_image_id":0,"font":"","enabled":false},"version":2},"jetpack_post_was_ever_published":false},"categories":[19],"tags":[],"class_list":["post-383","post","type-post","status-publish","format-standard","has-post-thumbnail","hentry","category-semena"],"jetpack_publicize_connections":[],"jetpack_featured_media_url":"https:\/\/i0.wp.com\/domacasemena.com\/wp-content\/uploads\/2021\/01\/ebulcek.jpg?fit=2000%2C1600&ssl=1","jetpack-related-posts":[{"id":432,"url":"https:\/\/domacasemena.com\/?p=432","url_meta":{"origin":383,"position":0},"title":"Doma\u010da semena kapucink","author":"Doma\u010da Semena","date":"16\/07\/2017","format":false,"excerpt":"Kapucinke so moja leto\u0161nja pridobite. Sejala sem jih zato, ker menda odganjajo sorto \u0161kodljivcev v svoji bli\u017eini. Sicer ne vem, koliko so jih odgnale. Pol\u017eev je bilo vseeno polno. So mi pa dobro uspevale \u2013 kapucinke namre\u010d. Pol\u017ei pa tudi.","rel":"","context":"In &quot;semena&quot;","block_context":{"text":"semena","link":"https:\/\/domacasemena.com\/?cat=19"},"img":{"alt_text":"doma\u010da-semena-kapucink","src":"https:\/\/i0.wp.com\/domacasemena.com\/wp-content\/uploads\/2021\/01\/semena-kapucink.jpg?fit=940%2C400&ssl=1&resize=350%2C200","width":350,"height":200,"srcset":"https:\/\/i0.wp.com\/domacasemena.com\/wp-content\/uploads\/2021\/01\/semena-kapucink.jpg?fit=940%2C400&ssl=1&resize=350%2C200 1x, https:\/\/i0.wp.com\/domacasemena.com\/wp-content\/uploads\/2021\/01\/semena-kapucink.jpg?fit=940%2C400&ssl=1&resize=525%2C300 1.5x, https:\/\/i0.wp.com\/domacasemena.com\/wp-content\/uploads\/2021\/01\/semena-kapucink.jpg?fit=940%2C400&ssl=1&resize=700%2C400 2x"},"classes":[]},{"id":482,"url":"https:\/\/domacasemena.com\/?p=482","url_meta":{"origin":383,"position":1},"title":"Prvo doma\u010de seme v letu","author":"Doma\u010da Semena","date":"29\/05\/2016","format":false,"excerpt":"\u0160e malo, pa bom pridelala prva leto\u0161nja semena. \u0160e en dan, najve\u010d dva, potem bo treba semena pobrati, \u010de ne se mi ga bo preve\u010d izgubilo. In zmagovalec v tej dirki je motovilec. Kako do semen motovilca? Poglejte zgodbo o motovilcu v Knjigi o pridelavi semen.","rel":"","context":"In &quot;semena&quot;","block_context":{"text":"semena","link":"https:\/\/domacasemena.com\/?cat=19"},"img":{"alt_text":"doma\u010da semena","src":"https:\/\/i0.wp.com\/domacasemena.com\/wp-content\/uploads\/2020\/11\/IMG_7960-scaled.jpg?fit=1200%2C900&ssl=1&resize=350%2C200","width":350,"height":200,"srcset":"https:\/\/i0.wp.com\/domacasemena.com\/wp-content\/uploads\/2020\/11\/IMG_7960-scaled.jpg?fit=1200%2C900&ssl=1&resize=350%2C200 1x, https:\/\/i0.wp.com\/domacasemena.com\/wp-content\/uploads\/2020\/11\/IMG_7960-scaled.jpg?fit=1200%2C900&ssl=1&resize=525%2C300 1.5x, https:\/\/i0.wp.com\/domacasemena.com\/wp-content\/uploads\/2020\/11\/IMG_7960-scaled.jpg?fit=1200%2C900&ssl=1&resize=700%2C400 2x, https:\/\/i0.wp.com\/domacasemena.com\/wp-content\/uploads\/2020\/11\/IMG_7960-scaled.jpg?fit=1200%2C900&ssl=1&resize=1050%2C600 3x"},"classes":[]},{"id":512,"url":"https:\/\/domacasemena.com\/?p=512","url_meta":{"origin":383,"position":2},"title":"Bo\u017ei\u010dna setev","author":"Doma\u010da Semena","date":"05\/12\/2020","format":false,"excerpt":"\u010ceprav sejanja v \u010dasu med Bo\u017ei\u010dem in Novim letom ne razumem, deluje. Sejati za Bo\u017ei\u010d, so me nau\u010dili biodinamiki. Verjamem da je vse energija, verjamem v zakon privla\u010dnosti, verjamem v zakon vzroka in posledice, verjamem \u0161e marsikaj, kar je za koga drugega hokus pokus, pa tudi \u010de ne razumem prav\u2026","rel":"","context":"In &quot;vrt&quot;","block_context":{"text":"vrt","link":"https:\/\/domacasemena.com\/?cat=24"},"img":{"alt_text":"","src":"https:\/\/i0.wp.com\/domacasemena.com\/wp-content\/uploads\/2021\/01\/bozicna-setev.jpg?fit=940%2C400&ssl=1&resize=350%2C200","width":350,"height":200,"srcset":"https:\/\/i0.wp.com\/domacasemena.com\/wp-content\/uploads\/2021\/01\/bozicna-setev.jpg?fit=940%2C400&ssl=1&resize=350%2C200 1x, https:\/\/i0.wp.com\/domacasemena.com\/wp-content\/uploads\/2021\/01\/bozicna-setev.jpg?fit=940%2C400&ssl=1&resize=525%2C300 1.5x, https:\/\/i0.wp.com\/domacasemena.com\/wp-content\/uploads\/2021\/01\/bozicna-setev.jpg?fit=940%2C400&ssl=1&resize=700%2C400 2x"},"classes":[]},{"id":1431,"url":"https:\/\/domacasemena.com\/?p=1431","url_meta":{"origin":383,"position":3},"title":"Rde\u010da pesa v kozarcu","author":"Doma\u010da Semena","date":"07\/11\/2022","format":false,"excerpt":"Ste dobro pogledali fotografijo? Res je, rde\u010da pesa je v kozarcu. Kaj delam s to rde\u010do peso? Pravzaprav \u010disto ni\u010d. Bilo pa je tako, da je reva ostala na njivi, pa sem jo prinesla domov. Ker pa\u010d nisem vedela kam z njo, sem jo vtaknila kar v kozarec. Jo bom\u2026","rel":"","context":"In &quot;semena&quot;","block_context":{"text":"semena","link":"https:\/\/domacasemena.com\/?cat=19"},"img":{"alt_text":"","src":"https:\/\/i0.wp.com\/domacasemena.com\/wp-content\/uploads\/2022\/11\/Dodajte-podnaslov-2022-11-07T205247.920-1489182569-e1671216985687.jpg?fit=940%2C400&ssl=1&resize=350%2C200","width":350,"height":200,"srcset":"https:\/\/i0.wp.com\/domacasemena.com\/wp-content\/uploads\/2022\/11\/Dodajte-podnaslov-2022-11-07T205247.920-1489182569-e1671216985687.jpg?fit=940%2C400&ssl=1&resize=350%2C200 1x, https:\/\/i0.wp.com\/domacasemena.com\/wp-content\/uploads\/2022\/11\/Dodajte-podnaslov-2022-11-07T205247.920-1489182569-e1671216985687.jpg?fit=940%2C400&ssl=1&resize=525%2C300 1.5x, https:\/\/i0.wp.com\/domacasemena.com\/wp-content\/uploads\/2022\/11\/Dodajte-podnaslov-2022-11-07T205247.920-1489182569-e1671216985687.jpg?fit=940%2C400&ssl=1&resize=700%2C400 2x"},"classes":[]},{"id":427,"url":"https:\/\/domacasemena.com\/?p=427","url_meta":{"origin":383,"position":4},"title":"Kako sem kisala zelje in repo","author":"Doma\u010da Semena","date":"17\/11\/2020","format":false,"excerpt":"Pomembno vlogo pri odlo\u010ditvi za kisanje zelja je igral tudi sosed. On je vsako leto v jeseni razlagal, kako kisa zelje, potem se je pozimi hvalil, kak\u0161no dobro kislo zelje ima in spomladi da \u0161e zmeraj je kislo zelje. Povrh vsega pa je po poklicu \u0161e policaj. \u010ce policaju uspe\u2026","rel":"","context":"In &quot;Zgodbe&quot;","block_context":{"text":"Zgodbe","link":"https:\/\/domacasemena.com\/?cat=1"},"img":{"alt_text":"kisanje-zelja-in-repe","src":"https:\/\/i0.wp.com\/domacasemena.com\/wp-content\/uploads\/2021\/01\/kisanje-zelja-in-repe.jpg?fit=940%2C400&ssl=1&resize=350%2C200","width":350,"height":200,"srcset":"https:\/\/i0.wp.com\/domacasemena.com\/wp-content\/uploads\/2021\/01\/kisanje-zelja-in-repe.jpg?fit=940%2C400&ssl=1&resize=350%2C200 1x, https:\/\/i0.wp.com\/domacasemena.com\/wp-content\/uploads\/2021\/01\/kisanje-zelja-in-repe.jpg?fit=940%2C400&ssl=1&resize=525%2C300 1.5x, https:\/\/i0.wp.com\/domacasemena.com\/wp-content\/uploads\/2021\/01\/kisanje-zelja-in-repe.jpg?fit=940%2C400&ssl=1&resize=700%2C400 2x"},"classes":[]},{"id":501,"url":"https:\/\/domacasemena.com\/?p=501","url_meta":{"origin":383,"position":5},"title":"Solata v spalnici","author":"Doma\u010da Semena","date":"27\/02\/2015","format":false,"excerpt":"\u010cisto resno, v moji spalnici raste solata. To pa zato, ker je to edini dovolj svetel prostor v hi\u0161i, v katerem je zaprt radiator. Tudi letos solata \u017ee raste tam. Posejala sem jo \u017ee meseca januarja in pikirala v sredini meseca februarju. Posejala sem jo kar v cvetli\u010dne lon\u010dke, pikirala\u2026","rel":"","context":"In &quot;vrt&quot;","block_context":{"text":"vrt","link":"https:\/\/domacasemena.com\/?cat=24"},"img":{"alt_text":"solata-v-spalnici","src":"https:\/\/i0.wp.com\/domacasemena.com\/wp-content\/uploads\/2021\/01\/solata-v.jpg?fit=940%2C400&ssl=1&resize=350%2C200","width":350,"height":200,"srcset":"https:\/\/i0.wp.com\/domacasemena.com\/wp-content\/uploads\/2021\/01\/solata-v.jpg?fit=940%2C400&ssl=1&resize=350%2C200 1x, https:\/\/i0.wp.com\/domacasemena.com\/wp-content\/uploads\/2021\/01\/solata-v.jpg?fit=940%2C400&ssl=1&resize=525%2C300 1.5x, https:\/\/i0.wp.com\/domacasemena.com\/wp-content\/uploads\/2021\/01\/solata-v.jpg?fit=940%2C400&ssl=1&resize=700%2C400 2x"},"classes":[]}],"jetpack_shortlink":"https:\/\/wp.me\/scxL4t-cebulcek","jetpack_sharing_enabled":true,"jetpack_likes_enabled":true,"_links":{"self":[{"href":"https:\/\/domacasemena.com\/index.php?rest_route=\/wp\/v2\/posts\/383","targetHints":{"allow":["GET"]}}],"collection":[{"href":"https:\/\/domacasemena.com\/index.php?rest_route=\/wp\/v2\/posts"}],"about":[{"href":"https:\/\/domacasemena.com\/index.php?rest_route=\/wp\/v2\/types\/post"}],"author":[{"embeddable":true,"href":"https:\/\/domacasemena.com\/index.php?rest_route=\/wp\/v2\/users\/1"}],"replies":[{"embeddable":true,"href":"https:\/\/domacasemena.com\/index.php?rest_route=%2Fwp%2Fv2%2Fcomments&post=383"}],"version-history":[{"count":7,"href":"https:\/\/domacasemena.com\/index.php?rest_route=\/wp\/v2\/posts\/383\/revisions"}],"predecessor-version":[{"id":1101,"href":"https:\/\/domacasemena.com\/index.php?rest_route=\/wp\/v2\/posts\/383\/revisions\/1101"}],"wp:featuredmedia":[{"embeddable":true,"href":"https:\/\/domacasemena.com\/index.php?rest_route=\/wp\/v2\/media\/1099"}],"wp:attachment":[{"href":"https:\/\/domacasemena.com\/index.php?rest_route=%2Fwp%2Fv2%2Fmedia&parent=383"}],"wp:term":[{"taxonomy":"category","embeddable":true,"href":"https:\/\/domacasemena.com\/index.php?rest_route=%2Fwp%2Fv2%2Fcategories&post=383"},{"taxonomy":"post_tag","embeddable":true,"href":"https:\/\/domacasemena.com\/index.php?rest_route=%2Fwp%2Fv2%2Ftags&post=383"}],"curies":[{"name":"wp","href":"https:\/\/api.w.org\/{rel}","templated":true}]}}