{"id":394,"date":"2016-11-02T15:10:37","date_gmt":"2016-11-02T15:10:37","guid":{"rendered":"https:\/\/domacasemena.com\/?p=394"},"modified":"2021-01-04T21:38:26","modified_gmt":"2021-01-04T21:38:26","slug":"domaca-cebula","status":"publish","type":"post","link":"https:\/\/domacasemena.com\/?p=394","title":{"rendered":"Doma\u010da \u010debula"},"content":{"rendered":"\n<p class=\"has-vivid-purple-color has-text-color has-medium-font-size wp-block-paragraph\"><em><strong>Bela proti rde\u010di<\/strong><\/em><\/p>\n\n\n\n<p class=\"has-text-align-justify has-medium-font-size wp-block-paragraph\">Joj, \u010deprav je za nami ravnokar 1 . november, dan spomina na mrtve bom pisala samo o \u010debuli.<\/p>\n\n\n\n<p class=\"has-text-align-justify has-medium-font-size wp-block-paragraph\">Dve vrsti \u010debula imam letos v kleti: belo in rde\u010do. Obi\u010dajno pa sadim samo rumeno sorte Holandska rumena.<\/p>\n\n\n\n<div class=\"wp-block-group\"><div class=\"wp-block-group__inner-container is-layout-flow wp-block-group-is-layout-flow\">\n<p class=\"has-text-align-justify has-medium-font-size wp-block-paragraph\">Rde\u010do \u010debulo, sorte ptujska rde\u010da, sem letos sadila zato, ker ho\u010dem gojiti doma\u010de, slovenske sorte zelenjave. Za pridelovano semena in \u010debul\u010dka sem potrebovala \u010debulo. Verjetno bom to \u010debulo spomladi tudi sadila, da pridem do semen, \u010deprav s pridelkom nisem prav ni\u010d zadovoljna. Najprej je bila \u010debula drobna, potem mi pa \u0161e gnije v kleti, kar pa se mi prej ni nikoli dogajalo.<\/p>\n<\/div><\/div>\n\n\n\n<p class=\"wp-block-paragraph\"><\/p>\n\n\n\n<div class=\"wp-block-media-text alignwide is-stacked-on-mobile is-vertically-aligned-top\"><figure class=\"wp-block-media-text__media\"><img data-recalc-dims=\"1\" loading=\"lazy\" decoding=\"async\" width=\"1024\" height=\"819\" data-attachment-id=\"1102\" data-permalink=\"https:\/\/domacasemena.com\/?attachment_id=1102#main\" data-orig-file=\"https:\/\/i0.wp.com\/domacasemena.com\/wp-content\/uploads\/2021\/01\/ebula.jpg?fit=2000%2C1600&amp;ssl=1\" data-orig-size=\"2000,1600\" data-comments-opened=\"1\" data-image-meta=\"{&quot;aperture&quot;:&quot;0&quot;,&quot;credit&quot;:&quot;&quot;,&quot;camera&quot;:&quot;&quot;,&quot;caption&quot;:&quot;&quot;,&quot;created_timestamp&quot;:&quot;0&quot;,&quot;copyright&quot;:&quot;&quot;,&quot;focal_length&quot;:&quot;0&quot;,&quot;iso&quot;:&quot;0&quot;,&quot;shutter_speed&quot;:&quot;0&quot;,&quot;title&quot;:&quot;&quot;,&quot;orientation&quot;:&quot;1&quot;}\" data-image-title=\"doma\u010da \u010debula\" data-image-description=\"&lt;p&gt;doma\u010da \u010debula&lt;\/p&gt;\n\" data-image-caption=\"\" data-large-file=\"https:\/\/i0.wp.com\/domacasemena.com\/wp-content\/uploads\/2021\/01\/ebula.jpg?fit=1024%2C819&amp;ssl=1\" src=\"https:\/\/i0.wp.com\/domacasemena.com\/wp-content\/uploads\/2021\/01\/ebula.jpg?resize=1024%2C819&#038;ssl=1\" alt=\"doma\u010da-\u010debula\" class=\"wp-image-1102 size-full\" srcset=\"https:\/\/i0.wp.com\/domacasemena.com\/wp-content\/uploads\/2021\/01\/ebula.jpg?resize=1024%2C819&amp;ssl=1 1024w, https:\/\/i0.wp.com\/domacasemena.com\/wp-content\/uploads\/2021\/01\/ebula.jpg?resize=300%2C240&amp;ssl=1 300w, https:\/\/i0.wp.com\/domacasemena.com\/wp-content\/uploads\/2021\/01\/ebula.jpg?resize=768%2C614&amp;ssl=1 768w, https:\/\/i0.wp.com\/domacasemena.com\/wp-content\/uploads\/2021\/01\/ebula.jpg?resize=1536%2C1229&amp;ssl=1 1536w, https:\/\/i0.wp.com\/domacasemena.com\/wp-content\/uploads\/2021\/01\/ebula.jpg?resize=600%2C480&amp;ssl=1 600w, https:\/\/i0.wp.com\/domacasemena.com\/wp-content\/uploads\/2021\/01\/ebula.jpg?w=2000&amp;ssl=1 2000w\" sizes=\"auto, (max-width: 1024px) 100vw, 1024px\" \/><\/figure><div class=\"wp-block-media-text__content\">\n<div class=\"wp-block-group\"><div class=\"wp-block-group__inner-container is-layout-flow wp-block-group-is-layout-flow\">\n<p class=\"has-text-align-justify has-medium-font-size wp-block-paragraph\">Belo \u010debulo, sorte silver ne vem \u017ee kaj, sem sadila pred lansko jesen za pomladanski pridelek. Nisem razmi\u0161ljala o razmno\u017eevanje dalje. Cilj je bil samo premostitev obdobja brez \u010debule. Tudi sajenje \u010debule jeseni se mi ni obneslo. \u010cebula je delal cvet, gnila je in \u0161e \u010debulna muha jo je napadla. Pridelek je bil bolj slab. Ker pa sem pustila dva cvetova in sem pridelala seme, sem to seme potem tudi posejala z namenom, da \u0161e mlade bele \u010debulice vlo\u017eim v kis. Ve\u010dino sem tako tudi pospravila, nekaj \u010debul\u010dkov pa mi je ostalo.<\/p>\n<\/div><\/div>\n\n\n\n<p class=\"has-text-align-justify has-medium-font-size wp-block-paragraph\">No te \u010debul\u010dke sem sedaj posadila, ker \u017ee sedaj vem, da mi bo pomladi spet manjkalo \u010debule. Kaj bo s pridelkom bom \u0161ele videla. Ampak slab\u0161e kot ni\u010d pa ne more biti.<\/p>\n<\/div><\/div>\n\n\n\n<p class=\"wp-block-paragraph\"><\/p>\n","protected":false},"excerpt":{"rendered":"<p>Rde\u010do \u010debulo, sorte ptujska rde\u010da, sem letos sadila zato, ker ho\u010dem gojiti doma\u010de, slovenske sorte zelenjave. Za pridelovano semena in \u010debul\u010dka sem potrebovala \u010debulo. Verjetno bom to \u010debulo spomladi tudi sadila, da pridem do semen, \u010deprav s pridelkom nisem prav ni\u010d zadovoljna.<\/p>\n","protected":false},"author":1,"featured_media":1102,"comment_status":"open","ping_status":"open","sticky":false,"template":"","format":"standard","meta":{"_s2mail":"","advanced_seo_description":"","jetpack_seo_html_title":"","jetpack_seo_noindex":false,"_jetpack_newsletter_access":"","_jetpack_dont_email_post_to_subs":false,"_jetpack_newsletter_tier_id":0,"_jetpack_memberships_contains_paywalled_content":false,"_jetpack_feature_clip_id":0,"_jetpack_memberships_contains_paid_content":false,"footnotes":"","jetpack_publicize_message":"","jetpack_publicize_feature_enabled":true,"jetpack_social_post_already_shared":true,"jetpack_social_options":{"image_generator_settings":{"template":"highway","default_image_id":0,"font":"","enabled":false},"version":2},"jetpack_post_was_ever_published":false},"categories":[19],"tags":[],"class_list":["post-394","post","type-post","status-publish","format-standard","has-post-thumbnail","hentry","category-semena"],"jetpack_publicize_connections":[],"jetpack_featured_media_url":"https:\/\/i0.wp.com\/domacasemena.com\/wp-content\/uploads\/2021\/01\/ebula.jpg?fit=2000%2C1600&ssl=1","jetpack-related-posts":[{"id":1651,"url":"https:\/\/domacasemena.com\/?p=1651","url_meta":{"origin":394,"position":0},"title":"Novi pristopi","author":"Doma\u010da Semena","date":"24\/06\/2024","format":false,"excerpt":"Prav moram zapisati, ker druga\u010de pozabim te svoje nore podvige. V\u010deraj 23.6.2024 sem sadila krompir in grah. foto SK Leto\u0161nji prvi krompir sem sadila takoj v za\u010detku aprila, sorta zgodnji. V prej\u0161njem tednu ga je napadla krompirjeva plesen in sem ga vsega porezala. Zdaj kopljem gomolje, ki so presenetljivo lepi.\u2026","rel":"","context":"In &quot;vrt&quot;","block_context":{"text":"vrt","link":"https:\/\/domacasemena.com\/?cat=24"},"img":{"alt_text":"krompir","src":"https:\/\/i0.wp.com\/domacasemena.com\/wp-content\/uploads\/2020\/11\/krompir-scaled.jpg?fit=1200%2C900&ssl=1&resize=350%2C200","width":350,"height":200,"srcset":"https:\/\/i0.wp.com\/domacasemena.com\/wp-content\/uploads\/2020\/11\/krompir-scaled.jpg?fit=1200%2C900&ssl=1&resize=350%2C200 1x, https:\/\/i0.wp.com\/domacasemena.com\/wp-content\/uploads\/2020\/11\/krompir-scaled.jpg?fit=1200%2C900&ssl=1&resize=525%2C300 1.5x, https:\/\/i0.wp.com\/domacasemena.com\/wp-content\/uploads\/2020\/11\/krompir-scaled.jpg?fit=1200%2C900&ssl=1&resize=700%2C400 2x, https:\/\/i0.wp.com\/domacasemena.com\/wp-content\/uploads\/2020\/11\/krompir-scaled.jpg?fit=1200%2C900&ssl=1&resize=1050%2C600 3x"},"classes":[]},{"id":1755,"url":"https:\/\/domacasemena.com\/?p=1755","url_meta":{"origin":394,"position":1},"title":"Ekskluzivno, semena CVETA\u010cE","author":"Doma\u010da Semena","date":"26\/07\/2025","format":false,"excerpt":"Letos sem prvi\u010d pridelala semena cveta\u010de, sorte sne\u017ena kepa. Po pol stoletja vrtnarjenja bi skoraj lahko rekla, da sem opravila mali mojstrski izpit \u2013 ali pa se je le vse poklopilo v naravi, ki o\u010ditno \u0161e vedno najbolje ve, kaj po\u010dne. Kot pri ve\u010dini semen \u2013 narava opravi vse. Jaz\u2026","rel":"","context":"In &quot;semena&quot;","block_context":{"text":"semena","link":"https:\/\/domacasemena.com\/?cat=19"},"img":{"alt_text":"cveta\u010da, semena cveta\u010de","src":"https:\/\/i0.wp.com\/domacasemena.com\/wp-content\/uploads\/2025\/07\/Kopija-izdelka-omaca-semenaa.jpg?fit=940%2C788&ssl=1&resize=350%2C200","width":350,"height":200,"srcset":"https:\/\/i0.wp.com\/domacasemena.com\/wp-content\/uploads\/2025\/07\/Kopija-izdelka-omaca-semenaa.jpg?fit=940%2C788&ssl=1&resize=350%2C200 1x, https:\/\/i0.wp.com\/domacasemena.com\/wp-content\/uploads\/2025\/07\/Kopija-izdelka-omaca-semenaa.jpg?fit=940%2C788&ssl=1&resize=525%2C300 1.5x, https:\/\/i0.wp.com\/domacasemena.com\/wp-content\/uploads\/2025\/07\/Kopija-izdelka-omaca-semenaa.jpg?fit=940%2C788&ssl=1&resize=700%2C400 2x"},"classes":[]},{"id":501,"url":"https:\/\/domacasemena.com\/?p=501","url_meta":{"origin":394,"position":2},"title":"Solata v spalnici","author":"Doma\u010da Semena","date":"27\/02\/2015","format":false,"excerpt":"\u010cisto resno, v moji spalnici raste solata. To pa zato, ker je to edini dovolj svetel prostor v hi\u0161i, v katerem je zaprt radiator. Tudi letos solata \u017ee raste tam. Posejala sem jo \u017ee meseca januarja in pikirala v sredini meseca februarju. Posejala sem jo kar v cvetli\u010dne lon\u010dke, pikirala\u2026","rel":"","context":"In &quot;vrt&quot;","block_context":{"text":"vrt","link":"https:\/\/domacasemena.com\/?cat=24"},"img":{"alt_text":"solata-v-spalnici","src":"https:\/\/i0.wp.com\/domacasemena.com\/wp-content\/uploads\/2021\/01\/solata-v.jpg?fit=940%2C400&ssl=1&resize=350%2C200","width":350,"height":200,"srcset":"https:\/\/i0.wp.com\/domacasemena.com\/wp-content\/uploads\/2021\/01\/solata-v.jpg?fit=940%2C400&ssl=1&resize=350%2C200 1x, https:\/\/i0.wp.com\/domacasemena.com\/wp-content\/uploads\/2021\/01\/solata-v.jpg?fit=940%2C400&ssl=1&resize=525%2C300 1.5x, https:\/\/i0.wp.com\/domacasemena.com\/wp-content\/uploads\/2021\/01\/solata-v.jpg?fit=940%2C400&ssl=1&resize=700%2C400 2x"},"classes":[]},{"id":406,"url":"https:\/\/domacasemena.com\/?p=406","url_meta":{"origin":394,"position":3},"title":"Doma\u010de jagode","author":"Doma\u010da Semena","date":"03\/08\/2017","format":false,"excerpt":"Pripravila sem nekaj preve\u010d sadik, pa zdaj ne vem kam z njimi. Nekam jih bom \u017ee vtaknila. Pomladi bom potem celo gredico starih jagod izpulila. Te ve\u010dinoma gredo v odpis.","rel":"","context":"In &quot;vrt&quot;","block_context":{"text":"vrt","link":"https:\/\/domacasemena.com\/?cat=24"},"img":{"alt_text":"doma\u010de-jagode","src":"https:\/\/i0.wp.com\/domacasemena.com\/wp-content\/uploads\/2021\/01\/jagode.jpg?fit=1200%2C960&ssl=1&resize=350%2C200","width":350,"height":200,"srcset":"https:\/\/i0.wp.com\/domacasemena.com\/wp-content\/uploads\/2021\/01\/jagode.jpg?fit=1200%2C960&ssl=1&resize=350%2C200 1x, https:\/\/i0.wp.com\/domacasemena.com\/wp-content\/uploads\/2021\/01\/jagode.jpg?fit=1200%2C960&ssl=1&resize=525%2C300 1.5x, https:\/\/i0.wp.com\/domacasemena.com\/wp-content\/uploads\/2021\/01\/jagode.jpg?fit=1200%2C960&ssl=1&resize=700%2C400 2x, https:\/\/i0.wp.com\/domacasemena.com\/wp-content\/uploads\/2021\/01\/jagode.jpg?fit=1200%2C960&ssl=1&resize=1050%2C600 3x"},"classes":[]},{"id":1420,"url":"https:\/\/domacasemena.com\/?p=1420","url_meta":{"origin":394,"position":4},"title":"Letos, su\u0161a","author":"Doma\u010da Semena","date":"12\/08\/2022","format":false,"excerpt":"Da ne pozabim. Ne vem, \u010de se spomnim leta, da bi padlo tako malo de\u017eja kot letos pri tako visokih temperaturah. Zmeraj te\u017eje je priti do nekih pametnih pridelkov. Vsako leto je nekaj. Letos pa\u010d su\u0161a. Zalivanje. Ne, hvala. Pa kar povem, pri nas polovica vrta se zaliva, moja polovica\u2026","rel":"","context":"In &quot;vrt&quot;","block_context":{"text":"vrt","link":"https:\/\/domacasemena.com\/?cat=24"},"img":{"alt_text":"","src":"https:\/\/i0.wp.com\/domacasemena.com\/wp-content\/uploads\/2022\/05\/18.6..jpg?fit=1200%2C675&ssl=1&resize=350%2C200","width":350,"height":200,"srcset":"https:\/\/i0.wp.com\/domacasemena.com\/wp-content\/uploads\/2022\/05\/18.6..jpg?fit=1200%2C675&ssl=1&resize=350%2C200 1x, https:\/\/i0.wp.com\/domacasemena.com\/wp-content\/uploads\/2022\/05\/18.6..jpg?fit=1200%2C675&ssl=1&resize=525%2C300 1.5x, https:\/\/i0.wp.com\/domacasemena.com\/wp-content\/uploads\/2022\/05\/18.6..jpg?fit=1200%2C675&ssl=1&resize=700%2C400 2x, https:\/\/i0.wp.com\/domacasemena.com\/wp-content\/uploads\/2022\/05\/18.6..jpg?fit=1200%2C675&ssl=1&resize=1050%2C600 3x"},"classes":[]},{"id":482,"url":"https:\/\/domacasemena.com\/?p=482","url_meta":{"origin":394,"position":5},"title":"Prvo doma\u010de seme v letu","author":"Doma\u010da Semena","date":"29\/05\/2016","format":false,"excerpt":"\u0160e malo, pa bom pridelala prva leto\u0161nja semena. \u0160e en dan, najve\u010d dva, potem bo treba semena pobrati, \u010de ne se mi ga bo preve\u010d izgubilo. In zmagovalec v tej dirki je motovilec. Kako do semen motovilca? Poglejte zgodbo o motovilcu v Knjigi o pridelavi semen.","rel":"","context":"In &quot;semena&quot;","block_context":{"text":"semena","link":"https:\/\/domacasemena.com\/?cat=19"},"img":{"alt_text":"doma\u010da semena","src":"https:\/\/i0.wp.com\/domacasemena.com\/wp-content\/uploads\/2020\/11\/IMG_7960-scaled.jpg?fit=1200%2C900&ssl=1&resize=350%2C200","width":350,"height":200,"srcset":"https:\/\/i0.wp.com\/domacasemena.com\/wp-content\/uploads\/2020\/11\/IMG_7960-scaled.jpg?fit=1200%2C900&ssl=1&resize=350%2C200 1x, https:\/\/i0.wp.com\/domacasemena.com\/wp-content\/uploads\/2020\/11\/IMG_7960-scaled.jpg?fit=1200%2C900&ssl=1&resize=525%2C300 1.5x, https:\/\/i0.wp.com\/domacasemena.com\/wp-content\/uploads\/2020\/11\/IMG_7960-scaled.jpg?fit=1200%2C900&ssl=1&resize=700%2C400 2x, https:\/\/i0.wp.com\/domacasemena.com\/wp-content\/uploads\/2020\/11\/IMG_7960-scaled.jpg?fit=1200%2C900&ssl=1&resize=1050%2C600 3x"},"classes":[]}],"jetpack_shortlink":"https:\/\/wp.me\/pcxL4t-6m","jetpack_sharing_enabled":true,"jetpack_likes_enabled":true,"_links":{"self":[{"href":"https:\/\/domacasemena.com\/index.php?rest_route=\/wp\/v2\/posts\/394","targetHints":{"allow":["GET"]}}],"collection":[{"href":"https:\/\/domacasemena.com\/index.php?rest_route=\/wp\/v2\/posts"}],"about":[{"href":"https:\/\/domacasemena.com\/index.php?rest_route=\/wp\/v2\/types\/post"}],"author":[{"embeddable":true,"href":"https:\/\/domacasemena.com\/index.php?rest_route=\/wp\/v2\/users\/1"}],"replies":[{"embeddable":true,"href":"https:\/\/domacasemena.com\/index.php?rest_route=%2Fwp%2Fv2%2Fcomments&post=394"}],"version-history":[{"count":6,"href":"https:\/\/domacasemena.com\/index.php?rest_route=\/wp\/v2\/posts\/394\/revisions"}],"predecessor-version":[{"id":1104,"href":"https:\/\/domacasemena.com\/index.php?rest_route=\/wp\/v2\/posts\/394\/revisions\/1104"}],"wp:featuredmedia":[{"embeddable":true,"href":"https:\/\/domacasemena.com\/index.php?rest_route=\/wp\/v2\/media\/1102"}],"wp:attachment":[{"href":"https:\/\/domacasemena.com\/index.php?rest_route=%2Fwp%2Fv2%2Fmedia&parent=394"}],"wp:term":[{"taxonomy":"category","embeddable":true,"href":"https:\/\/domacasemena.com\/index.php?rest_route=%2Fwp%2Fv2%2Fcategories&post=394"},{"taxonomy":"post_tag","embeddable":true,"href":"https:\/\/domacasemena.com\/index.php?rest_route=%2Fwp%2Fv2%2Ftags&post=394"}],"curies":[{"name":"wp","href":"https:\/\/api.w.org\/{rel}","templated":true}]}}