{"id":476,"date":"2016-10-11T09:57:00","date_gmt":"2016-10-11T09:57:00","guid":{"rendered":"https:\/\/domacasemena.com\/?p=476"},"modified":"2021-01-04T21:29:13","modified_gmt":"2021-01-04T21:29:13","slug":"por","status":"publish","type":"post","link":"https:\/\/domacasemena.com\/?p=476","title":{"rendered":"Doma\u010da semena pora"},"content":{"rendered":"\n<p class=\"has-text-align-justify has-medium-font-size wp-block-paragraph\">Zunaj je hladno in mene prav zares zebe. S semeni pa \u0161e kar ni konca. Pravzaprav, pozabila sem na por. Verjetno zato, ker imam semen \u0161e iz prej\u0161njega leta dovolj. Letos sem pa kar tako za okras pustila enega, da je cvetel. In ker je cvetel, so sedaj tudi semena. V\u010deraj sem pobrala ta semena. Druga\u010de pa imam por \u0161e vedno na vrtu in njivi.<\/p>\n\n\n\n<figure class=\"wp-block-image size-large\"><img data-recalc-dims=\"1\" loading=\"lazy\" decoding=\"async\" width=\"1140\" height=\"912\" data-attachment-id=\"1096\" data-permalink=\"https:\/\/domacasemena.com\/?attachment_id=1096#main\" data-orig-file=\"https:\/\/i0.wp.com\/domacasemena.com\/wp-content\/uploads\/2021\/01\/semena-pora.jpg?fit=2000%2C1600&amp;ssl=1\" data-orig-size=\"2000,1600\" data-comments-opened=\"1\" data-image-meta=\"{&quot;aperture&quot;:&quot;0&quot;,&quot;credit&quot;:&quot;&quot;,&quot;camera&quot;:&quot;&quot;,&quot;caption&quot;:&quot;&quot;,&quot;created_timestamp&quot;:&quot;0&quot;,&quot;copyright&quot;:&quot;&quot;,&quot;focal_length&quot;:&quot;0&quot;,&quot;iso&quot;:&quot;0&quot;,&quot;shutter_speed&quot;:&quot;0&quot;,&quot;title&quot;:&quot;&quot;,&quot;orientation&quot;:&quot;1&quot;}\" data-image-title=\"semena pora\" data-image-description=\"&lt;p&gt;doma\u010da semena pora&lt;\/p&gt;\n\" data-image-caption=\"\" data-large-file=\"https:\/\/i0.wp.com\/domacasemena.com\/wp-content\/uploads\/2021\/01\/semena-pora.jpg?fit=1024%2C819&amp;ssl=1\" src=\"https:\/\/i0.wp.com\/domacasemena.com\/wp-content\/uploads\/2021\/01\/semena-pora.jpg?resize=1140%2C912&#038;ssl=1\" alt=\"doma\u010da-semena-pora\" class=\"wp-image-1096\" srcset=\"https:\/\/i0.wp.com\/domacasemena.com\/wp-content\/uploads\/2021\/01\/semena-pora.jpg?w=2000&amp;ssl=1 2000w, https:\/\/i0.wp.com\/domacasemena.com\/wp-content\/uploads\/2021\/01\/semena-pora.jpg?resize=300%2C240&amp;ssl=1 300w, https:\/\/i0.wp.com\/domacasemena.com\/wp-content\/uploads\/2021\/01\/semena-pora.jpg?resize=1024%2C819&amp;ssl=1 1024w, https:\/\/i0.wp.com\/domacasemena.com\/wp-content\/uploads\/2021\/01\/semena-pora.jpg?resize=768%2C614&amp;ssl=1 768w, https:\/\/i0.wp.com\/domacasemena.com\/wp-content\/uploads\/2021\/01\/semena-pora.jpg?resize=1536%2C1229&amp;ssl=1 1536w, https:\/\/i0.wp.com\/domacasemena.com\/wp-content\/uploads\/2021\/01\/semena-pora.jpg?resize=600%2C480&amp;ssl=1 600w\" sizes=\"auto, (max-width: 1140px) 100vw, 1140px\" \/><\/figure>\n\n\n\n<p class=\"has-text-align-justify has-medium-font-size wp-block-paragraph\">Enkrat mi je ena gospa pokazala, kako ohrani por sve\u017e skozi celo zimo. Prenese ga v toplo gredo. Kar tako z zemljo vred. To se zdaj mogo\u010de sli\u0161i \u010dudno, ampak tako je. Z lopato ga izkoplje in z zemljo vred prenese v toplo gredo. Por ostane sve\u017e celo zimo, \u010de ga prej ne porabi.<\/p>\n\n\n\n<p class=\"has-text-align-justify has-medium-font-size wp-block-paragraph\">In kako zdaj do porovih semen. Por je potrebno prezimiti. V drugem letu cveti in naredi seme. Tako je to, enostavno. Ve\u010d o tem pa v zgodbi o poru v Knjigi o pridelavi semen.<\/p>\n","protected":false},"excerpt":{"rendered":"<p>Enkrat mi je ena gospa pokazala, kako ohrani por sve\u017e skozi celo zimo. Prenese ga v toplo gredo. Kar tako z zemljo vred. To se zdaj mogo\u010de sli\u0161i \u010dudno, ampak tako je. Z lopato ga izkoplje in z zemljo vred prenese v toplo gredo. Por ostane sve\u017e celo zimo, \u010de ga prej ne porabi.<\/p>\n","protected":false},"author":1,"featured_media":1096,"comment_status":"open","ping_status":"open","sticky":false,"template":"","format":"standard","meta":{"_s2mail":"","advanced_seo_description":"","jetpack_seo_html_title":"","jetpack_seo_noindex":false,"_jetpack_newsletter_access":"","_jetpack_dont_email_post_to_subs":false,"_jetpack_newsletter_tier_id":0,"_jetpack_memberships_contains_paywalled_content":false,"_jetpack_feature_clip_id":0,"_jetpack_memberships_contains_paid_content":false,"footnotes":"","jetpack_publicize_message":"","jetpack_publicize_feature_enabled":true,"jetpack_social_post_already_shared":true,"jetpack_social_options":{"image_generator_settings":{"template":"highway","default_image_id":0,"font":"","enabled":false},"version":2},"jetpack_post_was_ever_published":false},"categories":[19],"tags":[],"class_list":["post-476","post","type-post","status-publish","format-standard","has-post-thumbnail","hentry","category-semena"],"jetpack_publicize_connections":[],"jetpack_featured_media_url":"https:\/\/i0.wp.com\/domacasemena.com\/wp-content\/uploads\/2021\/01\/semena-pora.jpg?fit=2000%2C1600&ssl=1","jetpack-related-posts":[{"id":1148,"url":"https:\/\/domacasemena.com\/?p=1148","url_meta":{"origin":476,"position":0},"title":"Priprave na prvo setev v letu","author":"Doma\u010da Semena","date":"23\/01\/2021","format":false,"excerpt":"Danes sem se pripravljala na prvo setev v letu. Pripravila sem zemljo za sejanje paprik in feferonov. Glede na vreme, kar v kuhinji. V\u010dasih so me doma \u010dudno gledali, zdaj sploh ve\u010d ne opazijo. Najprej pripravim lon\u010dke z zemljo, da se zemlja malo ogreje. Sejala bom naslednji konec tedna. Kot\u2026","rel":"","context":"In &quot;vrt&quot;","block_context":{"text":"vrt","link":"https:\/\/domacasemena.com\/?cat=24"},"img":{"alt_text":"doma\u010da semena","src":"https:\/\/i0.wp.com\/domacasemena.com\/wp-content\/uploads\/2021\/01\/prva-setev-v-letu.png?fit=940%2C400&ssl=1&resize=350%2C200","width":350,"height":200,"srcset":"https:\/\/i0.wp.com\/domacasemena.com\/wp-content\/uploads\/2021\/01\/prva-setev-v-letu.png?fit=940%2C400&ssl=1&resize=350%2C200 1x, https:\/\/i0.wp.com\/domacasemena.com\/wp-content\/uploads\/2021\/01\/prva-setev-v-letu.png?fit=940%2C400&ssl=1&resize=525%2C300 1.5x, https:\/\/i0.wp.com\/domacasemena.com\/wp-content\/uploads\/2021\/01\/prva-setev-v-letu.png?fit=940%2C400&ssl=1&resize=700%2C400 2x"},"classes":[]},{"id":1759,"url":"https:\/\/domacasemena.com\/?p=1759","url_meta":{"origin":476,"position":1},"title":"Dvojna doza krompirja. Brez stranskih u\u010dinkov.","author":"Doma\u010da Semena","date":"03\/08\/2025","format":false,"excerpt":"foto SK Krompir ni ravno simbol zdravja v prehranskih bro\u0161urah, a \u010de raste doma, brez kemije, brez potnih listov in embala\u017ee, postane nekaj \u010disto drugega \u2013 doma\u010da, sezonska hrana, ki je del uravnote\u017eenega in trajnostnega na\u010dina \u017eivljenja. Letos drugi\u010d posku\u0161am z dvojnim pridelkom krompirja na leto.Gre za preprost, doma\u010d eksperiment\u2026","rel":"","context":"In &quot;vrt&quot;","block_context":{"text":"vrt","link":"https:\/\/domacasemena.com\/?cat=24"},"img":{"alt_text":"","src":"https:\/\/i0.wp.com\/domacasemena.com\/wp-content\/uploads\/2025\/07\/Kopija-izdelka.jpg?fit=1200%2C675&ssl=1&resize=350%2C200","width":350,"height":200,"srcset":"https:\/\/i0.wp.com\/domacasemena.com\/wp-content\/uploads\/2025\/07\/Kopija-izdelka.jpg?fit=1200%2C675&ssl=1&resize=350%2C200 1x, https:\/\/i0.wp.com\/domacasemena.com\/wp-content\/uploads\/2025\/07\/Kopija-izdelka.jpg?fit=1200%2C675&ssl=1&resize=525%2C300 1.5x, https:\/\/i0.wp.com\/domacasemena.com\/wp-content\/uploads\/2025\/07\/Kopija-izdelka.jpg?fit=1200%2C675&ssl=1&resize=700%2C400 2x, https:\/\/i0.wp.com\/domacasemena.com\/wp-content\/uploads\/2025\/07\/Kopija-izdelka.jpg?fit=1200%2C675&ssl=1&resize=1050%2C600 3x"},"classes":[]},{"id":1574,"url":"https:\/\/domacasemena.com\/?p=1574","url_meta":{"origin":476,"position":2},"title":"Ribez","author":"Doma\u010da Semena","date":"05\/08\/2023","format":false,"excerpt":"Z ribezom sem gor zrasla. Stara mati ga je imela. Nekaj grmov \u010drnega in nekaj grmov rde\u010dega. Vsak grozd je skrbno pobrala in potem prodala. Tam nekje v Gorjah so ga odkupovali. Takrat se je \u0161e vse spla\u010dalo, \u0161e ribez obirati. Za doma je mogo\u010de obdr\u017eala za en sokovnik jagod\u2026","rel":"","context":"In &quot;jagodi\u010dje&quot;","block_context":{"text":"jagodi\u010dje","link":"https:\/\/domacasemena.com\/?cat=45"},"img":{"alt_text":"","src":"https:\/\/i0.wp.com\/domacasemena.com\/wp-content\/uploads\/2023\/07\/Ribez.jpg?fit=1200%2C960&ssl=1&resize=350%2C200","width":350,"height":200,"srcset":"https:\/\/i0.wp.com\/domacasemena.com\/wp-content\/uploads\/2023\/07\/Ribez.jpg?fit=1200%2C960&ssl=1&resize=350%2C200 1x, https:\/\/i0.wp.com\/domacasemena.com\/wp-content\/uploads\/2023\/07\/Ribez.jpg?fit=1200%2C960&ssl=1&resize=525%2C300 1.5x, https:\/\/i0.wp.com\/domacasemena.com\/wp-content\/uploads\/2023\/07\/Ribez.jpg?fit=1200%2C960&ssl=1&resize=700%2C400 2x, https:\/\/i0.wp.com\/domacasemena.com\/wp-content\/uploads\/2023\/07\/Ribez.jpg?fit=1200%2C960&ssl=1&resize=1050%2C600 3x"},"classes":[]},{"id":492,"url":"https:\/\/domacasemena.com\/?p=492","url_meta":{"origin":476,"position":3},"title":"Sadili smo krompir","author":"Doma\u010da Semena","date":"15\/04\/2015","format":false,"excerpt":"Krompir sadimo doma, za svoje potrebe. Vsako leto spomladi, ko je treba kupiti seme se gospodar in gospodinja prito\u017eujeta nad ceno semenskega krompirja in skregata zaradi izbire primerne sorte. Zaradi cene ne bi sadili svojega krompirja, kvaliteta je tista, ki premakne kazalec na tehtnici. Pomagamo pa si tako, da nikoli\u2026","rel":"","context":"In &quot;Zgodbe&quot;","block_context":{"text":"Zgodbe","link":"https:\/\/domacasemena.com\/?cat=1"},"img":{"alt_text":"krompir","src":"https:\/\/i0.wp.com\/domacasemena.com\/wp-content\/uploads\/2020\/11\/krompir-scaled.jpg?fit=1200%2C900&ssl=1&resize=350%2C200","width":350,"height":200,"srcset":"https:\/\/i0.wp.com\/domacasemena.com\/wp-content\/uploads\/2020\/11\/krompir-scaled.jpg?fit=1200%2C900&ssl=1&resize=350%2C200 1x, https:\/\/i0.wp.com\/domacasemena.com\/wp-content\/uploads\/2020\/11\/krompir-scaled.jpg?fit=1200%2C900&ssl=1&resize=525%2C300 1.5x, https:\/\/i0.wp.com\/domacasemena.com\/wp-content\/uploads\/2020\/11\/krompir-scaled.jpg?fit=1200%2C900&ssl=1&resize=700%2C400 2x, https:\/\/i0.wp.com\/domacasemena.com\/wp-content\/uploads\/2020\/11\/krompir-scaled.jpg?fit=1200%2C900&ssl=1&resize=1050%2C600 3x"},"classes":[]},{"id":1273,"url":"https:\/\/domacasemena.com\/?p=1273","url_meta":{"origin":476,"position":4},"title":"Kodrolistni ohrovt","author":"Doma\u010da Semena","date":"14\/08\/2021","format":false,"excerpt":"Kot vedno To je bilo tako, hecno kot vedno. Misim, koliko sem jaz en bumbar. Od svojega ohrovta imam samo doma\u010di ohrovt \u2013 br\u017eote mu mi re\u010demo. To je ohrovt velikan, ki ne naredi neke strnjene glave. Ni hibrid in zato je lahko pridelati semena. Sadim pa vedno tudi glavnati\u2026","rel":"","context":"In &quot;semena&quot;","block_context":{"text":"semena","link":"https:\/\/domacasemena.com\/?cat=19"},"img":{"alt_text":"doma\u010da-semena-kodrolistni-ohrovt","src":"https:\/\/i0.wp.com\/domacasemena.com\/wp-content\/uploads\/2021\/07\/kolaz.jpg?fit=940%2C400&ssl=1&resize=350%2C200","width":350,"height":200,"srcset":"https:\/\/i0.wp.com\/domacasemena.com\/wp-content\/uploads\/2021\/07\/kolaz.jpg?fit=940%2C400&ssl=1&resize=350%2C200 1x, https:\/\/i0.wp.com\/domacasemena.com\/wp-content\/uploads\/2021\/07\/kolaz.jpg?fit=940%2C400&ssl=1&resize=525%2C300 1.5x, https:\/\/i0.wp.com\/domacasemena.com\/wp-content\/uploads\/2021\/07\/kolaz.jpg?fit=940%2C400&ssl=1&resize=700%2C400 2x"},"classes":[]},{"id":1399,"url":"https:\/\/domacasemena.com\/?p=1399","url_meta":{"origin":476,"position":5},"title":"Zalivanje, zalivanje","author":"Doma\u010da Semena","date":"31\/05\/2022","format":false,"excerpt":"Ne, nisem si premislila. \u0160e vedno ne verjamem v zalivanje. To je \u010disto preveliko matranje zame in za rastline. \u010ce pa \u017ee, potem vla\u017eim samo posejana semena, da skalijo ali pa v \u00bbzalivalnike\u00ab. Tako imenujem steklenice, ki jih zakopljem v zemljo in potem vanje to\u010dim vodo, da le ta po\u010dasi\u2026","rel":"","context":"In &quot;vrt&quot;","block_context":{"text":"vrt","link":"https:\/\/domacasemena.com\/?cat=24"},"img":{"alt_text":"","src":"https:\/\/i0.wp.com\/domacasemena.com\/wp-content\/uploads\/2022\/05\/18.6..jpg?fit=1200%2C675&ssl=1&resize=350%2C200","width":350,"height":200,"srcset":"https:\/\/i0.wp.com\/domacasemena.com\/wp-content\/uploads\/2022\/05\/18.6..jpg?fit=1200%2C675&ssl=1&resize=350%2C200 1x, https:\/\/i0.wp.com\/domacasemena.com\/wp-content\/uploads\/2022\/05\/18.6..jpg?fit=1200%2C675&ssl=1&resize=525%2C300 1.5x, https:\/\/i0.wp.com\/domacasemena.com\/wp-content\/uploads\/2022\/05\/18.6..jpg?fit=1200%2C675&ssl=1&resize=700%2C400 2x, https:\/\/i0.wp.com\/domacasemena.com\/wp-content\/uploads\/2022\/05\/18.6..jpg?fit=1200%2C675&ssl=1&resize=1050%2C600 3x"},"classes":[]}],"jetpack_shortlink":"https:\/\/wp.me\/scxL4t-por","jetpack_sharing_enabled":true,"jetpack_likes_enabled":true,"_links":{"self":[{"href":"https:\/\/domacasemena.com\/index.php?rest_route=\/wp\/v2\/posts\/476","targetHints":{"allow":["GET"]}}],"collection":[{"href":"https:\/\/domacasemena.com\/index.php?rest_route=\/wp\/v2\/posts"}],"about":[{"href":"https:\/\/domacasemena.com\/index.php?rest_route=\/wp\/v2\/types\/post"}],"author":[{"embeddable":true,"href":"https:\/\/domacasemena.com\/index.php?rest_route=\/wp\/v2\/users\/1"}],"replies":[{"embeddable":true,"href":"https:\/\/domacasemena.com\/index.php?rest_route=%2Fwp%2Fv2%2Fcomments&post=476"}],"version-history":[{"count":5,"href":"https:\/\/domacasemena.com\/index.php?rest_route=\/wp\/v2\/posts\/476\/revisions"}],"predecessor-version":[{"id":1098,"href":"https:\/\/domacasemena.com\/index.php?rest_route=\/wp\/v2\/posts\/476\/revisions\/1098"}],"wp:featuredmedia":[{"embeddable":true,"href":"https:\/\/domacasemena.com\/index.php?rest_route=\/wp\/v2\/media\/1096"}],"wp:attachment":[{"href":"https:\/\/domacasemena.com\/index.php?rest_route=%2Fwp%2Fv2%2Fmedia&parent=476"}],"wp:term":[{"taxonomy":"category","embeddable":true,"href":"https:\/\/domacasemena.com\/index.php?rest_route=%2Fwp%2Fv2%2Fcategories&post=476"},{"taxonomy":"post_tag","embeddable":true,"href":"https:\/\/domacasemena.com\/index.php?rest_route=%2Fwp%2Fv2%2Ftags&post=476"}],"curies":[{"name":"wp","href":"https:\/\/api.w.org\/{rel}","templated":true}]}}