{"id":507,"date":"2020-11-21T16:05:00","date_gmt":"2020-11-21T16:05:00","guid":{"rendered":"https:\/\/domacasemena.com\/?p=507"},"modified":"2021-01-03T19:36:40","modified_gmt":"2021-01-03T19:36:40","slug":"covid-1-val-in-korona-letina","status":"publish","type":"post","link":"https:\/\/domacasemena.com\/?p=507","title":{"rendered":"Korona letina"},"content":{"rendered":"\n<p class=\"has-text-align-justify has-medium-font-size wp-block-paragraph\">\u0160e pomnite? Covid 1. val smo imeli pomladi, ko so nas prvi\u010d zaprli v na\u0161e domove in socialne mehur\u010dke. Sicer meni ni bilo ni\u010d hudega: jaz pa dva jelena, lisica in en zajec smo bili idealna dru\u0161\u010dina. Bil je ravno pravi \u010das za obdelovanje vrtov in polj. Ker je bilo na razpolago kar naenkrat nekaj ve\u010d \u010dasa, ki ga ni bilo potrebno porabiti za kakovost \u017eivljenja, sem prekopala \u0161e malo ve\u010d zemlje, kot sicer in \u0161e na dveh dodatnih lokacijah. Ja, itak, sem vse tudi posejala in posadila. Tako, za vsak slu\u010daj, da ne bomo la\u010dni.<\/p>\n\n\n\n<p class=\"has-text-align-justify has-medium-font-size wp-block-paragraph\">Hecne tele objave iz Facebooka o dodatnih kilah in <em>bavdah<\/em> okoli trebuha. Vsi, ki jih poznam in s katerimi delam, delamo kot pr\u00b4 norcih. Zakaj kot pri norcih? Zato ker je potrebno vlagati veliko ve\u010d napora za iste rezultate, kot \u010de bi nam pustili normalno delati. Ka\u0161na kila ve\u010d bo zaradi vseh leto\u0161njih dobrot, ne zaradi le\u017eanja.<\/p>\n\n\n\n<p class=\"has-text-align-justify has-medium-font-size wp-block-paragraph\">No, zemlja mi je popla\u010dala ves vlo\u017eeni trud in letina letos je bila odli\u010dna. Korona leto \u2013 leto 2020 si bom zapomnila po dobri letini. Vsega je bilo dovolj in preve\u010d. \u010cebule za tri leta, krompirja za dve leti, korenja takega v \u017eivljenju \u0161e nisem imela. Paradi\u017enika je bilo sicer manj kot leto prej, vendar \u0161e vedno dovolj. Isto velja za vso ostalo zelenjavo.<\/p>\n\n\n\n<figure class=\"wp-block-image size-full\"><img data-recalc-dims=\"1\" loading=\"lazy\" decoding=\"async\" width=\"940\" height=\"400\" data-attachment-id=\"1027\" data-permalink=\"https:\/\/domacasemena.com\/?attachment_id=1027#main\" data-orig-file=\"https:\/\/i0.wp.com\/domacasemena.com\/wp-content\/uploads\/2021\/01\/korona-letina.jpg?fit=940%2C400&amp;ssl=1\" data-orig-size=\"940,400\" data-comments-opened=\"1\" data-image-meta=\"{&quot;aperture&quot;:&quot;0&quot;,&quot;credit&quot;:&quot;&quot;,&quot;camera&quot;:&quot;&quot;,&quot;caption&quot;:&quot;&quot;,&quot;created_timestamp&quot;:&quot;0&quot;,&quot;copyright&quot;:&quot;&quot;,&quot;focal_length&quot;:&quot;0&quot;,&quot;iso&quot;:&quot;0&quot;,&quot;shutter_speed&quot;:&quot;0&quot;,&quot;title&quot;:&quot;&quot;,&quot;orientation&quot;:&quot;1&quot;}\" data-image-title=\"korona letina\" data-image-description=\"&lt;p&gt;pridelki v 2020&lt;\/p&gt;\n\" data-image-caption=\"\" data-large-file=\"https:\/\/i0.wp.com\/domacasemena.com\/wp-content\/uploads\/2021\/01\/korona-letina.jpg?fit=940%2C400&amp;ssl=1\" src=\"https:\/\/i0.wp.com\/domacasemena.com\/wp-content\/uploads\/2021\/01\/korona-letina.jpg?resize=940%2C400&#038;ssl=1\" alt=\"doma\u010da semena pridelki\" class=\"wp-image-1027\" srcset=\"https:\/\/i0.wp.com\/domacasemena.com\/wp-content\/uploads\/2021\/01\/korona-letina.jpg?w=940&amp;ssl=1 940w, https:\/\/i0.wp.com\/domacasemena.com\/wp-content\/uploads\/2021\/01\/korona-letina.jpg?resize=300%2C128&amp;ssl=1 300w, https:\/\/i0.wp.com\/domacasemena.com\/wp-content\/uploads\/2021\/01\/korona-letina.jpg?resize=768%2C327&amp;ssl=1 768w, https:\/\/i0.wp.com\/domacasemena.com\/wp-content\/uploads\/2021\/01\/korona-letina.jpg?resize=600%2C255&amp;ssl=1 600w\" sizes=\"auto, (max-width: 940px) 100vw, 940px\" \/><\/figure>\n\n\n\n<p class=\"has-text-align-justify has-medium-font-size wp-block-paragraph\">Sadja dovolj in to vseh vrst; hru\u0161ke, slive, jabolka. Jagodi\u010devje je obrodilo. Pa \u0161e le\u0161niki. Nisem \u0161e videla toliko le\u0161nikov kot letos. Narava je bila do nas radodarna. Od vas pa je bilo odvisno, kaj ste s tem po\u010deli.<\/p>\n\n\n\n<p class=\"has-text-align-justify has-medium-font-size wp-block-paragraph\">Vreme je bilo primerno podnebnim spremembam in spet se moram ponoviti; v \u017eivljenju \u0161e ne pomanem takega meseca aprila, kot letos. Cel mesec lepega son\u010dnega vremena brez kaplje de\u017eja. V nadaljevanju smo potem dobili dosti mo\u010de, ve\u010d kot v povpre\u010dnih poletjih. Poletje se je tudi za\u010delo z temperaturami moje mladosti, okoli 25 stopinj Celzija. Tudi letos pa nismo u\u0161li temperaturam nad 30 stopinj Celzija in v mesecu avgustu je bilo kar vro\u010de. Topla je bila tudi jesen. \u0160e novembra nas vreme razvaja z izredno lepimi son\u010dnimi dnevi in milimi temperaturami.<\/p>\n\n\n\n<p class=\"has-text-align-justify has-medium-font-size wp-block-paragraph\">Krasno za sprehajanja v naravi. V vrtu \u0161e vse rase. Ni pa to najbolje za naslednjo letino. V tem \u010dasu bi se temperature \u017ee morale spustiti do ni\u010dle, pa pri nas slane \u0161e nismo videli.<\/p>\n","protected":false},"excerpt":{"rendered":"<p>\u0160e pomnite? Covid 1. val smo imeli pomladi, ko so nas prvi\u010d zaprli v na\u0161e domove in socialne mehur\u010dke. Sicer meni ni bilo ni\u010d hudega: jaz pa dva jelena, lisica in en zajec smo bili idealna dru\u0161\u010dina. Bil je ravno pravi \u010das za obdelovanje vrtov in polj. Ker je bilo na razpolago kar naenkrat nekaj&#8230;<\/p>\n<p class=\"more-link\"><a href=\"https:\/\/domacasemena.com\/?p=507\"><span>Read More<\/span><i>&#43;<\/i><\/a><\/p>\n","protected":false},"author":1,"featured_media":1027,"comment_status":"open","ping_status":"open","sticky":false,"template":"","format":"standard","meta":{"_s2mail":"","advanced_seo_description":"","jetpack_seo_html_title":"","jetpack_seo_noindex":false,"_jetpack_newsletter_access":"","_jetpack_dont_email_post_to_subs":false,"_jetpack_newsletter_tier_id":0,"_jetpack_memberships_contains_paywalled_content":false,"_jetpack_feature_clip_id":0,"_jetpack_memberships_contains_paid_content":false,"footnotes":"","jetpack_publicize_message":"","jetpack_publicize_feature_enabled":true,"jetpack_social_post_already_shared":true,"jetpack_social_options":{"image_generator_settings":{"template":"highway","default_image_id":0,"font":"","enabled":false},"version":2},"jetpack_post_was_ever_published":false},"categories":[24],"tags":[],"class_list":["post-507","post","type-post","status-publish","format-standard","has-post-thumbnail","hentry","category-vrt"],"jetpack_publicize_connections":[],"jetpack_featured_media_url":"https:\/\/i0.wp.com\/domacasemena.com\/wp-content\/uploads\/2021\/01\/korona-letina.jpg?fit=940%2C400&ssl=1","jetpack-related-posts":[{"id":1638,"url":"https:\/\/domacasemena.com\/?p=1638","url_meta":{"origin":507,"position":0},"title":"Zima, zima bela","author":"Doma\u010da Semena","date":"25\/01\/2024","format":false,"excerpt":"Danes pi\u0161emo 19.1.2024. Vremenska napoved je sneg do ni\u017ein. Prometna napoved; opozorilo voznikom na zimske razmere. Ni\u010d nenavadnega, pa vendar, ker pogled skozi okno pravi, de\u017euje kot iz \u0161kafa. Spra\u0161ujem se ali bo leto\u0161nja zima, moja prva zima brez snega? Odlo\u010dila sem se zapisati tistih nekaj par spominov na sneg.\u2026","rel":"","context":"In &quot;Zgodbe&quot;","block_context":{"text":"Zgodbe","link":"https:\/\/domacasemena.com\/?cat=1"},"img":{"alt_text":"","src":"https:\/\/i0.wp.com\/domacasemena.com\/wp-content\/uploads\/2021\/01\/drugic-cik-cak.-scaled.jpg?fit=900%2C1200&ssl=1&resize=350%2C200","width":350,"height":200,"srcset":"https:\/\/i0.wp.com\/domacasemena.com\/wp-content\/uploads\/2021\/01\/drugic-cik-cak.-scaled.jpg?fit=900%2C1200&ssl=1&resize=350%2C200 1x, https:\/\/i0.wp.com\/domacasemena.com\/wp-content\/uploads\/2021\/01\/drugic-cik-cak.-scaled.jpg?fit=900%2C1200&ssl=1&resize=525%2C300 1.5x, https:\/\/i0.wp.com\/domacasemena.com\/wp-content\/uploads\/2021\/01\/drugic-cik-cak.-scaled.jpg?fit=900%2C1200&ssl=1&resize=700%2C400 2x"},"classes":[]},{"id":1594,"url":"https:\/\/domacasemena.com\/?p=1594","url_meta":{"origin":507,"position":1},"title":"Zelje, kon\u010dno spet semena","author":"Doma\u010da Semena","date":"04\/08\/2023","format":false,"excerpt":"Saj ne morem verjeti. Sedem let je bilo treba, da sem spet lahko pobrala semena doma\u010dega zelja. To je zelje moje stare mame. Malo je res podobno ohrovtu, kot so to opazili drugi. Je vrag, vam povem. Prva tri leta nisem te sorte zelja niti semenila. Takoj je, da se\u2026","rel":"","context":"In &quot;semena&quot;","block_context":{"text":"semena","link":"https:\/\/domacasemena.com\/?cat=19"},"img":{"alt_text":"","src":"https:\/\/i0.wp.com\/domacasemena.com\/wp-content\/uploads\/2023\/08\/Cute-Mothers-Day-Three-Photo-Collage.jpg?fit=1200%2C960&ssl=1&resize=350%2C200","width":350,"height":200,"srcset":"https:\/\/i0.wp.com\/domacasemena.com\/wp-content\/uploads\/2023\/08\/Cute-Mothers-Day-Three-Photo-Collage.jpg?fit=1200%2C960&ssl=1&resize=350%2C200 1x, https:\/\/i0.wp.com\/domacasemena.com\/wp-content\/uploads\/2023\/08\/Cute-Mothers-Day-Three-Photo-Collage.jpg?fit=1200%2C960&ssl=1&resize=525%2C300 1.5x, https:\/\/i0.wp.com\/domacasemena.com\/wp-content\/uploads\/2023\/08\/Cute-Mothers-Day-Three-Photo-Collage.jpg?fit=1200%2C960&ssl=1&resize=700%2C400 2x, https:\/\/i0.wp.com\/domacasemena.com\/wp-content\/uploads\/2023\/08\/Cute-Mothers-Day-Three-Photo-Collage.jpg?fit=1200%2C960&ssl=1&resize=1050%2C600 3x"},"classes":[]},{"id":574,"url":"https:\/\/domacasemena.com\/?p=574","url_meta":{"origin":507,"position":2},"title":"Kopriva","author":"Doma\u010da Semena","date":"19\/12\/2020","format":false,"excerpt":"Kot otroci jo nismo marali. Kadar si najmanj pri\u010dakoval te je spekla, ko smo skakali po travnikih in stikali naokoli. Velika kopriva je danes ta, ki jo potrebujem in i\u0161\u010dem naokoli. Ali se samo meni dozdeva ali jo je res manj kot pred leti. Kopriv je ve\u010d vrst, samo ena\u2026","rel":"","context":"In &quot;zeli\u0161\u010da&quot;","block_context":{"text":"zeli\u0161\u010da","link":"https:\/\/domacasemena.com\/?cat=20"},"img":{"alt_text":"velika-kopriva","src":"https:\/\/i0.wp.com\/domacasemena.com\/wp-content\/uploads\/2020\/12\/kopriva-ozko.jpg?fit=918%2C401&ssl=1&resize=350%2C200","width":350,"height":200,"srcset":"https:\/\/i0.wp.com\/domacasemena.com\/wp-content\/uploads\/2020\/12\/kopriva-ozko.jpg?fit=918%2C401&ssl=1&resize=350%2C200 1x, https:\/\/i0.wp.com\/domacasemena.com\/wp-content\/uploads\/2020\/12\/kopriva-ozko.jpg?fit=918%2C401&ssl=1&resize=525%2C300 1.5x, https:\/\/i0.wp.com\/domacasemena.com\/wp-content\/uploads\/2020\/12\/kopriva-ozko.jpg?fit=918%2C401&ssl=1&resize=700%2C400 2x"},"classes":[]},{"id":1660,"url":"https:\/\/domacasemena.com\/?p=1660","url_meta":{"origin":507,"position":3},"title":"Srednji vek","author":"Doma\u010da Semena","date":"08\/07\/2024","format":false,"excerpt":"Zdaj pa \u010disto zares. Tega z zelenim prehodom jaz ne razumem. Danes \u017eivimo in delamo ravno tako kot v\u010deraj in jutri bo isto. Kar se je spremenilo je zgolj retorika. Ta nas ne bo ozelenela. Samo en primer, ki je za razmisliti. Ljudi za delat ni. Tako pravijo. Podjetja, \u0161ole,\u2026","rel":"","context":"In &quot;Zgodbe&quot;","block_context":{"text":"Zgodbe","link":"https:\/\/domacasemena.com\/?cat=1"},"img":{"alt_text":"","src":"https:\/\/i0.wp.com\/domacasemena.com\/wp-content\/uploads\/2024\/07\/hoe-2448148_1280.jpg?fit=1200%2C800&ssl=1&resize=350%2C200","width":350,"height":200,"srcset":"https:\/\/i0.wp.com\/domacasemena.com\/wp-content\/uploads\/2024\/07\/hoe-2448148_1280.jpg?fit=1200%2C800&ssl=1&resize=350%2C200 1x, https:\/\/i0.wp.com\/domacasemena.com\/wp-content\/uploads\/2024\/07\/hoe-2448148_1280.jpg?fit=1200%2C800&ssl=1&resize=525%2C300 1.5x, https:\/\/i0.wp.com\/domacasemena.com\/wp-content\/uploads\/2024\/07\/hoe-2448148_1280.jpg?fit=1200%2C800&ssl=1&resize=700%2C400 2x, https:\/\/i0.wp.com\/domacasemena.com\/wp-content\/uploads\/2024\/07\/hoe-2448148_1280.jpg?fit=1200%2C800&ssl=1&resize=1050%2C600 3x"},"classes":[]},{"id":452,"url":"https:\/\/domacasemena.com\/?p=452","url_meta":{"origin":507,"position":4},"title":"Obrezovanje malinjakov","author":"Doma\u010da Semena","date":"30\/11\/2020","format":false,"excerpt":"\u0160e par let nazaj sem mislila, da delam vse prav, malin pa ni in ni bilo. Dokler nisem ugotovila, da mi vse nove poganjke pojedo jeleni in ko\u0161ute. No ta te\u017eava je re\u0161ena, odkar sem zaposlila elektri\u010dnega pastirja. Imam sorto malin, katera naj bi rodila dvakrat letno. Vendar sem ve\u010d\u2026","rel":"","context":"In &quot;vrt&quot;","block_context":{"text":"vrt","link":"https:\/\/domacasemena.com\/?cat=24"},"img":{"alt_text":"obrezovanje-malinjakov","src":"https:\/\/i0.wp.com\/domacasemena.com\/wp-content\/uploads\/2021\/01\/obrezovanje-malinjakov.jpg?fit=940%2C396&ssl=1&resize=350%2C200","width":350,"height":200,"srcset":"https:\/\/i0.wp.com\/domacasemena.com\/wp-content\/uploads\/2021\/01\/obrezovanje-malinjakov.jpg?fit=940%2C396&ssl=1&resize=350%2C200 1x, https:\/\/i0.wp.com\/domacasemena.com\/wp-content\/uploads\/2021\/01\/obrezovanje-malinjakov.jpg?fit=940%2C396&ssl=1&resize=525%2C300 1.5x, https:\/\/i0.wp.com\/domacasemena.com\/wp-content\/uploads\/2021\/01\/obrezovanje-malinjakov.jpg?fit=940%2C396&ssl=1&resize=700%2C400 2x"},"classes":[]},{"id":1170,"url":"https:\/\/domacasemena.com\/?p=1170","url_meta":{"origin":507,"position":5},"title":"Jane\u017e","author":"Doma\u010da Semena","date":"15\/05\/2021","format":false,"excerpt":"Jane\u017e me spominja na sladkast okus \u010daja za dojenje ter vonj in okus otro\u0161kega \u010daja. Jane\u017e ima sladkast okus, malo spominja na mentol. Je enoletna rastlina, ki jo pogosto najdemo po vrtovih. Zraste do vi\u0161ine okoli 50 cm. Listi so peresasti - podobni listom peter\u0161ilja, cvetovi so beli kobulasti. Zgleda\u2026","rel":"","context":"In &quot;zeli\u0161\u010da&quot;","block_context":{"text":"zeli\u0161\u010da","link":"https:\/\/domacasemena.com\/?cat=20"},"img":{"alt_text":"jane\u017e","src":"https:\/\/i0.wp.com\/domacasemena.com\/wp-content\/uploads\/2021\/02\/janez-kolaz.jpg?fit=940%2C400&ssl=1&resize=350%2C200","width":350,"height":200,"srcset":"https:\/\/i0.wp.com\/domacasemena.com\/wp-content\/uploads\/2021\/02\/janez-kolaz.jpg?fit=940%2C400&ssl=1&resize=350%2C200 1x, https:\/\/i0.wp.com\/domacasemena.com\/wp-content\/uploads\/2021\/02\/janez-kolaz.jpg?fit=940%2C400&ssl=1&resize=525%2C300 1.5x, https:\/\/i0.wp.com\/domacasemena.com\/wp-content\/uploads\/2021\/02\/janez-kolaz.jpg?fit=940%2C400&ssl=1&resize=700%2C400 2x"},"classes":[]}],"jetpack_shortlink":"https:\/\/wp.me\/pcxL4t-8b","jetpack_sharing_enabled":true,"jetpack_likes_enabled":true,"_links":{"self":[{"href":"https:\/\/domacasemena.com\/index.php?rest_route=\/wp\/v2\/posts\/507","targetHints":{"allow":["GET"]}}],"collection":[{"href":"https:\/\/domacasemena.com\/index.php?rest_route=\/wp\/v2\/posts"}],"about":[{"href":"https:\/\/domacasemena.com\/index.php?rest_route=\/wp\/v2\/types\/post"}],"author":[{"embeddable":true,"href":"https:\/\/domacasemena.com\/index.php?rest_route=\/wp\/v2\/users\/1"}],"replies":[{"embeddable":true,"href":"https:\/\/domacasemena.com\/index.php?rest_route=%2Fwp%2Fv2%2Fcomments&post=507"}],"version-history":[{"count":7,"href":"https:\/\/domacasemena.com\/index.php?rest_route=\/wp\/v2\/posts\/507\/revisions"}],"predecessor-version":[{"id":1028,"href":"https:\/\/domacasemena.com\/index.php?rest_route=\/wp\/v2\/posts\/507\/revisions\/1028"}],"wp:featuredmedia":[{"embeddable":true,"href":"https:\/\/domacasemena.com\/index.php?rest_route=\/wp\/v2\/media\/1027"}],"wp:attachment":[{"href":"https:\/\/domacasemena.com\/index.php?rest_route=%2Fwp%2Fv2%2Fmedia&parent=507"}],"wp:term":[{"taxonomy":"category","embeddable":true,"href":"https:\/\/domacasemena.com\/index.php?rest_route=%2Fwp%2Fv2%2Fcategories&post=507"},{"taxonomy":"post_tag","embeddable":true,"href":"https:\/\/domacasemena.com\/index.php?rest_route=%2Fwp%2Fv2%2Ftags&post=507"}],"curies":[{"name":"wp","href":"https:\/\/api.w.org\/{rel}","templated":true}]}}