{"id":612,"date":"2020-12-04T18:19:36","date_gmt":"2020-12-04T18:19:36","guid":{"rendered":"https:\/\/domacasemena.com\/?p=612"},"modified":"2021-01-03T19:19:02","modified_gmt":"2021-01-03T19:19:02","slug":"vrt-pod-snegom","status":"publish","type":"post","link":"https:\/\/domacasemena.com\/?p=612","title":{"rendered":"Vrt pod snegom in enostavna topla greda"},"content":{"rendered":"\n<figure class=\"wp-block-image size-large\"><img data-recalc-dims=\"1\" loading=\"lazy\" decoding=\"async\" width=\"940\" height=\"400\" data-attachment-id=\"1022\" data-permalink=\"https:\/\/domacasemena.com\/?attachment_id=1022#main\" data-orig-file=\"https:\/\/i0.wp.com\/domacasemena.com\/wp-content\/uploads\/2021\/01\/vrt-pod-snegom-in-greda.jpg?fit=940%2C400&amp;ssl=1\" data-orig-size=\"940,400\" data-comments-opened=\"1\" data-image-meta=\"{&quot;aperture&quot;:&quot;0&quot;,&quot;credit&quot;:&quot;&quot;,&quot;camera&quot;:&quot;&quot;,&quot;caption&quot;:&quot;&quot;,&quot;created_timestamp&quot;:&quot;0&quot;,&quot;copyright&quot;:&quot;&quot;,&quot;focal_length&quot;:&quot;0&quot;,&quot;iso&quot;:&quot;0&quot;,&quot;shutter_speed&quot;:&quot;0&quot;,&quot;title&quot;:&quot;&quot;,&quot;orientation&quot;:&quot;1&quot;}\" data-image-title=\"vrt pod snegom in enostavna topla greda\" data-image-description=\"\" data-image-caption=\"\" data-medium-file=\"https:\/\/i0.wp.com\/domacasemena.com\/wp-content\/uploads\/2021\/01\/vrt-pod-snegom-in-greda.jpg?fit=300%2C128&amp;ssl=1\" data-large-file=\"https:\/\/i0.wp.com\/domacasemena.com\/wp-content\/uploads\/2021\/01\/vrt-pod-snegom-in-greda.jpg?fit=940%2C400&amp;ssl=1\" src=\"https:\/\/i0.wp.com\/domacasemena.com\/wp-content\/uploads\/2021\/01\/vrt-pod-snegom-in-greda.jpg?resize=940%2C400&#038;ssl=1\" alt=\"\" class=\"wp-image-1022\" srcset=\"https:\/\/i0.wp.com\/domacasemena.com\/wp-content\/uploads\/2021\/01\/vrt-pod-snegom-in-greda.jpg?w=940&amp;ssl=1 940w, https:\/\/i0.wp.com\/domacasemena.com\/wp-content\/uploads\/2021\/01\/vrt-pod-snegom-in-greda.jpg?resize=300%2C128&amp;ssl=1 300w, https:\/\/i0.wp.com\/domacasemena.com\/wp-content\/uploads\/2021\/01\/vrt-pod-snegom-in-greda.jpg?resize=768%2C327&amp;ssl=1 768w, https:\/\/i0.wp.com\/domacasemena.com\/wp-content\/uploads\/2021\/01\/vrt-pod-snegom-in-greda.jpg?resize=600%2C255&amp;ssl=1 600w\" sizes=\"auto, (max-width: 940px) 100vw, 940px\" \/><\/figure>\n\n\n\n<p class=\"has-text-align-justify has-medium-font-size\">Pi\u0161e se leto 2020 in 2. decembra sne\u017ei. Ni\u010d kaj takega, vendar pa lani snega pri nas nismo videli niti za vzorec. \u017dal pa so napovedane otoplitve in de\u017e in prav dolgo ta sneg ne bo ostal. Sem ga morala prav poslikati.<\/p>\n\n\n\n<p class=\"has-text-align-justify has-medium-font-size\">Tole na slikah niso kupi snega, temve\u010d vrt pod snegom. Vsako leto jeseni naredim tople grede, kar takole iz upognjenih leskovih vej in vrtnarsko kopreno. Lani je bila vsaka gradnja dobra. Tole letos pa me je presenetilo in \u010de bi padlo le \u0161e kaj ve\u010d snega, bi se mi vse skupaj zru\u0161ilo. Za zdaj pa bo.<\/p>\n\n\n\n<p class=\"has-text-align-justify has-medium-font-size\">Pod enim kupom je motovilec, pod drugimi pa radi\u010d. Ko zapade \u010dez nekaj malega snega pa nastane prava topla greda. Verjeli ali ne, zelenjava tam spodaj ni zmrznjena. Takole imam sve\u017eo zelenjavo obi\u010dajno tja do meseca februarja ali celo marca.<\/p>\n\n\n\n<h2 class=\"wp-block-heading\">Enostavna topla greda<\/h2>\n\n\n\n<p class=\"has-text-align-justify has-medium-font-size\">Enkrat pred Miklav\u017eem se odpravim v grmovje po leskove veje. Takrat so pro\u017ene in se lahko upognejo. Dobri so enoletni ali dvoletni poganjki brez stranskih vej. Veje zapi\u010dim na eni  strani v zemljo, upognem in zapi\u010dim \u0161e na drugo stran. Na vrhu po dol\u017eini prive\u017eem \u0161e eno vejo, zaradi stabilnosti. Pokrijem z zimsko vrtnarsko kopreno ter na stane oblo\u017eim z desko, zemljo ali pa kamenjem. Taka greda zdr\u017ei do 15 cm snega in \u0161ele pod snegom nastane prava topla greda.<\/p>\n\n\n\n<p class=\"has-text-align-justify has-medium-font-size\">Za ve\u010d snega pa to ne bo v redu. V tem primeru je bolje narediti lok iz \u017eice in sicer jaz uporabim kar mre\u017eo za ograjo (tisto, ki prodajajo za ovce). Odre\u017eem na primerno dol\u017eino in upognem v lok. \u010cez napnem vrtnarsko kopreno, obte\u017eim in to je to.<\/p>\n\n\n\n<p class=\"has-medium-font-size\">Nasvet, da se ne boste jezili, vzemite vrtnarsko kopreno \u0161irine vsak 3 m, \u010de bo ve\u010d pa tudi ni\u010d narobe. <\/p>\n\n\n\n<p> <\/p>\n","protected":false},"excerpt":{"rendered":"<p>Pi\u0161e se leto 2020 in 2. decembra sne\u017ei. Ni\u010d kaj takega, vendar pa lani snega pri nas nismo videli niti za vzorec. \u017dal pa so napovedane otoplitve in de\u017e in prav dolgo ta sneg ne bo ostal. Sem ga morala prav poslikati.<\/p>\n","protected":false},"author":1,"featured_media":1022,"comment_status":"open","ping_status":"open","sticky":false,"template":"","format":"standard","meta":{"_s2mail":"","advanced_seo_description":"","jetpack_seo_html_title":"","jetpack_seo_noindex":false,"jetpack_post_was_ever_published":false,"_jetpack_newsletter_access":"","_jetpack_dont_email_post_to_subs":false,"_jetpack_newsletter_tier_id":0,"_jetpack_memberships_contains_paywalled_content":false,"_jetpack_memberships_contains_paid_content":false,"footnotes":"","jetpack_publicize_message":"","jetpack_publicize_feature_enabled":true,"jetpack_social_post_already_shared":true,"jetpack_social_options":{"image_generator_settings":{"template":"highway","default_image_id":0,"enabled":false},"version":2}},"categories":[24],"tags":[],"class_list":["post-612","post","type-post","status-publish","format-standard","has-post-thumbnail","hentry","category-vrt"],"jetpack_publicize_connections":[],"jetpack_featured_media_url":"https:\/\/i0.wp.com\/domacasemena.com\/wp-content\/uploads\/2021\/01\/vrt-pod-snegom-in-greda.jpg?fit=940%2C400&ssl=1","jetpack-related-posts":[],"jetpack_shortlink":"https:\/\/wp.me\/pcxL4t-9S","jetpack_sharing_enabled":true,"jetpack_likes_enabled":true,"_links":{"self":[{"href":"https:\/\/domacasemena.com\/index.php?rest_route=\/wp\/v2\/posts\/612","targetHints":{"allow":["GET"]}}],"collection":[{"href":"https:\/\/domacasemena.com\/index.php?rest_route=\/wp\/v2\/posts"}],"about":[{"href":"https:\/\/domacasemena.com\/index.php?rest_route=\/wp\/v2\/types\/post"}],"author":[{"embeddable":true,"href":"https:\/\/domacasemena.com\/index.php?rest_route=\/wp\/v2\/users\/1"}],"replies":[{"embeddable":true,"href":"https:\/\/domacasemena.com\/index.php?rest_route=%2Fwp%2Fv2%2Fcomments&post=612"}],"version-history":[{"count":10,"href":"https:\/\/domacasemena.com\/index.php?rest_route=\/wp\/v2\/posts\/612\/revisions"}],"predecessor-version":[{"id":1024,"href":"https:\/\/domacasemena.com\/index.php?rest_route=\/wp\/v2\/posts\/612\/revisions\/1024"}],"wp:featuredmedia":[{"embeddable":true,"href":"https:\/\/domacasemena.com\/index.php?rest_route=\/wp\/v2\/media\/1022"}],"wp:attachment":[{"href":"https:\/\/domacasemena.com\/index.php?rest_route=%2Fwp%2Fv2%2Fmedia&parent=612"}],"wp:term":[{"taxonomy":"category","embeddable":true,"href":"https:\/\/domacasemena.com\/index.php?rest_route=%2Fwp%2Fv2%2Fcategories&post=612"},{"taxonomy":"post_tag","embeddable":true,"href":"https:\/\/domacasemena.com\/index.php?rest_route=%2Fwp%2Fv2%2Ftags&post=612"}],"curies":[{"name":"wp","href":"https:\/\/api.w.org\/{rel}","templated":true}]}}